{"id":3343,"date":"2024-07-05T09:30:32","date_gmt":"2024-07-05T08:30:32","guid":{"rendered":"https:\/\/svetaobitelj.hr\/?p=3343"},"modified":"2024-07-05T09:30:33","modified_gmt":"2024-07-05T08:30:33","slug":"zupne-obavijesti-14-nedjelja-kroz-godinu-7","status":"publish","type":"post","link":"https:\/\/svetaobitelj.hr\/?p=3343","title":{"rendered":"\u017dupne obavijesti: 14. nedjelja kroz godinu"},"content":{"rendered":"\n<p>Slavimo \u010detrnaestu nedjelju kroz godinu. Prva je nedjelja u mjesecu kada svojim molitvama i nov\u010danim prilozima poma\u017eemo na\u0161im sjemeni\u0161tima te molimo za duhovna zvanja. Svoj nov\u010dani dar za sjemeni\u0161ta mo\u017eete dati na izlazu iz crkve. U tijeku je trodnevnica na \u010dast bl. Mariji od Propetoga Petkovi\u0107.<\/p>\n\n\n\n<p>U utorak slavimo bl. Mariju od Propetoga Isusa Petkovi\u0107. Svete mise su u 7:30 i 18:30 sati. Pod ve\u010dernjom svetom misom sve\u010danije \u0107emo proslaviti osnivateljicu sestara Bo\u017ejega Milosr\u0111a koje djeluju u na\u0161oj \u017eupi, a mo\u0107i bla\u017eenice su u na\u0161em oltaru u gornjem dijelu crkve.<\/p>\n\n\n\n<p>U \u010detvrtak slavimo blagdan sv. Benedikta, za\u0161titnika Europe. Svete mise su u 7:30 i 18:30 sati.<\/p>\n\n\n\n<p>U subotu slavimo blagdan Majke Bo\u017eje Bistri\u010dke. Svete mise su u 7:30 i 18:30 sati.<\/p>\n\n\n\n<p>Sljede\u0107e nedjelje slavimo petnaestu nedjelju kroz godinu. Ujedno slavimo i sv. Franju Solanskoga, za\u0161titnika misija i misionara. Nakon svetih misa prikupljat \u0107emo nov\u010dane priloge za potrebe misija i misionara. <\/p>\n\n\n\n<p>Zahvalni za va\u0161u pomo\u0107 kojom poma\u017eete obnovu na\u0161ih crkava i samostana nastradalih u potresima, preporu\u010damo se i nadalje va\u0161oj dobroti. Svoj nov\u010dani prilog mo\u017eete dati u posebno ozna\u010denu \u0161krabicu pri izlazu iz crkve ili u \u017eupni ured ili direktno uplatiti na ra\u010dun koji se nalazi na plakatu ili letku.<\/p>\n\n\n\n<p>Molimo sve vas koji jo\u0161 nemate \u017eupnu obiteljsku knji\u017eicu ili je potrebno upisati promjene u postoje\u0107e, da se javite u \u017eupni ured.<\/p>\n\n\n\n<p>Kupujte i \u010ditajte katoli\u010dki vjerski tisak.<\/p>\n","protected":false},"excerpt":{"rendered":"<p>Slavimo \u010detrnaestu nedjelju kroz godinu. Prva je nedjelja u mjesecu kada svojim molitvama i nov\u010danim prilozima poma\u017eemo na\u0161im sjemeni\u0161tima te molimo za duhovna zvanja. Svoj nov\u010dani dar za sjemeni\u0161ta mo\u017eete dati na izlazu iz crkve. U tijeku je trodnevnica na \u010dast bl. Mariji od Propetoga Petkovi\u0107. U utorak slavimo bl. Mariju od Propetoga Isusa Petkovi\u0107. <a href=\"https:\/\/svetaobitelj.hr\/?p=3343\" class=\"more-link\">[&hellip;]<\/a><\/p>\n","protected":false},"author":2,"featured_media":0,"comment_status":"closed","ping_status":"open","sticky":false,"template":"","format":"standard","meta":{"footnotes":""},"categories":[3],"tags":[],"class_list":["entry","author-","post-3343","post","type-post","status-publish","format-standard","category-zupa"],"_links":{"self":[{"href":"https:\/\/svetaobitelj.hr\/index.php?rest_route=\/wp\/v2\/posts\/3343","targetHints":{"allow":["GET"]}}],"collection":[{"href":"https:\/\/svetaobitelj.hr\/index.php?rest_route=\/wp\/v2\/posts"}],"about":[{"href":"https:\/\/svetaobitelj.hr\/index.php?rest_route=\/wp\/v2\/types\/post"}],"author":[{"embeddable":true,"href":"https:\/\/svetaobitelj.hr\/index.php?rest_route=\/wp\/v2\/users\/2"}],"replies":[{"embeddable":true,"href":"https:\/\/svetaobitelj.hr\/index.php?rest_route=%2Fwp%2Fv2%2Fcomments&post=3343"}],"version-history":[{"count":1,"href":"https:\/\/svetaobitelj.hr\/index.php?rest_route=\/wp\/v2\/posts\/3343\/revisions"}],"predecessor-version":[{"id":3344,"href":"https:\/\/svetaobitelj.hr\/index.php?rest_route=\/wp\/v2\/posts\/3343\/revisions\/3344"}],"wp:attachment":[{"href":"https:\/\/svetaobitelj.hr\/index.php?rest_route=%2Fwp%2Fv2%2Fmedia&parent=3343"}],"wp:term":[{"taxonomy":"category","embeddable":true,"href":"https:\/\/svetaobitelj.hr\/index.php?rest_route=%2Fwp%2Fv2%2Fcategories&post=3343"},{"taxonomy":"post_tag","embeddable":true,"href":"https:\/\/svetaobitelj.hr\/index.php?rest_route=%2Fwp%2Fv2%2Ftags&post=3343"}],"curies":[{"name":"wp","href":"https:\/\/api.w.org\/{rel}","templated":true}]}}