{"id":333,"date":"2018-04-29T09:27:20","date_gmt":"2018-04-29T08:27:20","guid":{"rendered":"http:\/\/svetaobitelj.hr\/?p=333"},"modified":"2020-01-29T21:59:02","modified_gmt":"2020-01-29T20:59:02","slug":"zupne-obavijesti-5","status":"publish","type":"post","link":"https:\/\/svetaobitelj.hr\/?p=333","title":{"rendered":"\u017dupne obavijesti: 5. vazmena nedjelja"},"content":{"rendered":"<p>5. VAZMENA NEDJELJA <\/p>\n<p>29. travnja 2018.<\/p>\n<p>1.\tDanas slavimo petu vazmenu nedjelju. <\/p>\n<p>2.\tSutra ne\u0107e biti biblijskog sata.<\/p>\n<p>3.\tU utorak slavimo sv. Josipa Radnika. Svete mise su u 7:30 i 18:30 sati. Zapo\u010dinju svibanjske pobo\u017enosti, a pobo\u017enost na \u010dast sv. Antunu Padovanskom je u 18:15 sati.<\/p>\n<p>4.\tU \u010detvrtak ne\u0107e biti klanjanja pred Presvetim. U Vikarijatu je, s po\u010detkom u 19:30 sati, socijalna tribina koju vodi mr. sc. Igor Jakobfi.<\/p>\n<p>5.\tOvaj tjedan su prvi petak i subota u mjesecu. U petak je pobo\u017enost Srcu Isusovom u 18:00 sati, a u subotu je nakon ve\u010dernje svete mise klanjanje pred Presvetim kada molimo za duhovna zvanja.<\/p>\n<p>6.\tU subotu je u 9:00 sati prva ispovijed i generalna proba ovogodi\u0161njih prvopri\u010desnika.<\/p>\n<p>7.\tSljede\u0107e nedjelje slavimo \u0161estu vazmenu nedjelju koja je i ujedno prva nedjelja u mjesecu kada se svojim molitvama i nov\u010danim prilozima sje\u0107amo na\u0161ih odgojnih ustanova \u2013 sjemeni\u0161ta te molimo za duhovna zvanja. Pod jutarnjom svetom misom molimo za dobro\u010dinitelje na\u0161e crkve i samostana. Slavlje Prve Pri\u010desti bit \u0107e pod misom u 11:00 sati.<\/p>\n<p>8.\t19. svibnja ove godine, s po\u010detkom u 9:30 sati, u Valpovu \u0107e biti XVIII. Nadbiskupijski susret osoba s invaliditetom i \u010dlanova njihovih obitelji.<\/p>\n<p>9.\tMolimo sve vas koji jo\u0161 nemate \u017eupnu knji\u017eicu ili je potrebno upisati promjene u postoje\u0107e, da se javite u \u017eupni ured. Mnogi tra\u017ee posvjedo\u010denja za kumovanje i sli\u010dne dokumente, govore da su iz na\u0161e \u017dupe, a nemamo nikakvih podataka o njima preko obiteljskih knji\u017eica ili da primaju blagoslov obitelji. Isto je tako i kod prijavljivanja za kr\u0161tenja, sprovode&#8230;<\/p>\n<p>10.\tTermini za svete mise popunjeni su misnim nakanama do kraja godine.<\/p>\n<p>11.\tKupujte i \u010ditajte vjerski tisak. <\/p>\n","protected":false},"excerpt":{"rendered":"<p>5. VAZMENA NEDJELJA 29. travnja 2018. 1. Danas slavimo petu vazmenu nedjelju. 2. Sutra ne\u0107e biti biblijskog sata. 3. U utorak slavimo sv. Josipa Radnika. Svete mise su u 7:30 i 18:30 sati. Zapo\u010dinju svibanjske pobo\u017enosti, a pobo\u017enost na \u010dast sv. Antunu Padovanskom je u 18:15 sati. 4. U \u010detvrtak ne\u0107e biti klanjanja pred Presvetim. <a href=\"https:\/\/svetaobitelj.hr\/?p=333\" class=\"more-link\">[&hellip;]<\/a><\/p>\n","protected":false},"author":2,"featured_media":0,"comment_status":"closed","ping_status":"closed","sticky":false,"template":"","format":"standard","meta":{"footnotes":""},"categories":[3],"tags":[],"class_list":["entry","author-","post-333","post","type-post","status-publish","format-standard","category-zupa"],"_links":{"self":[{"href":"https:\/\/svetaobitelj.hr\/index.php?rest_route=\/wp\/v2\/posts\/333","targetHints":{"allow":["GET"]}}],"collection":[{"href":"https:\/\/svetaobitelj.hr\/index.php?rest_route=\/wp\/v2\/posts"}],"about":[{"href":"https:\/\/svetaobitelj.hr\/index.php?rest_route=\/wp\/v2\/types\/post"}],"author":[{"embeddable":true,"href":"https:\/\/svetaobitelj.hr\/index.php?rest_route=\/wp\/v2\/users\/2"}],"replies":[{"embeddable":true,"href":"https:\/\/svetaobitelj.hr\/index.php?rest_route=%2Fwp%2Fv2%2Fcomments&post=333"}],"version-history":[{"count":3,"href":"https:\/\/svetaobitelj.hr\/index.php?rest_route=\/wp\/v2\/posts\/333\/revisions"}],"predecessor-version":[{"id":364,"href":"https:\/\/svetaobitelj.hr\/index.php?rest_route=\/wp\/v2\/posts\/333\/revisions\/364"}],"wp:attachment":[{"href":"https:\/\/svetaobitelj.hr\/index.php?rest_route=%2Fwp%2Fv2%2Fmedia&parent=333"}],"wp:term":[{"taxonomy":"category","embeddable":true,"href":"https:\/\/svetaobitelj.hr\/index.php?rest_route=%2Fwp%2Fv2%2Fcategories&post=333"},{"taxonomy":"post_tag","embeddable":true,"href":"https:\/\/svetaobitelj.hr\/index.php?rest_route=%2Fwp%2Fv2%2Ftags&post=333"}],"curies":[{"name":"wp","href":"https:\/\/api.w.org\/{rel}","templated":true}]}}