{"id":3319,"date":"2024-06-30T07:21:03","date_gmt":"2024-06-30T06:21:03","guid":{"rendered":"http:\/\/svetaobitelj.hr\/?p=3319"},"modified":"2024-06-30T07:21:03","modified_gmt":"2024-06-30T06:21:03","slug":"ministranti-na-izletu-2","status":"publish","type":"post","link":"https:\/\/svetaobitelj.hr\/?p=3319","title":{"rendered":"Ministranti na izletu"},"content":{"rendered":"\n<div class=\"wp-block-image\"><figure class=\"aligncenter size-large\"><img loading=\"lazy\" decoding=\"async\" width=\"1024\" height=\"1024\" src=\"http:\/\/svetaobitelj.hr\/wp-content\/uploads\/2024\/06\/20240630_063729-1024x1024.jpg\" alt=\"\" class=\"wp-image-3320\" srcset=\"https:\/\/svetaobitelj.hr\/wp-content\/uploads\/2024\/06\/20240630_063729-1024x1024.jpg 1024w, https:\/\/svetaobitelj.hr\/wp-content\/uploads\/2024\/06\/20240630_063729-300x300.jpg 300w, https:\/\/svetaobitelj.hr\/wp-content\/uploads\/2024\/06\/20240630_063729-150x150.jpg 150w, https:\/\/svetaobitelj.hr\/wp-content\/uploads\/2024\/06\/20240630_063729-768x768.jpg 768w, https:\/\/svetaobitelj.hr\/wp-content\/uploads\/2024\/06\/20240630_063729-1536x1536.jpg 1536w, https:\/\/svetaobitelj.hr\/wp-content\/uploads\/2024\/06\/20240630_063729.jpg 1600w\" sizes=\"auto, (max-width: 1024px) 100vw, 1024px\" \/><\/figure><\/div>\n\n\n\n<p>U ponedjeljak rano ujutro na\u0161i ministranti su se u zajedni\u0161tvu s Ines, Katarinom, Tatjanom i voza\u010dima okupili pred \u017eupnom crkvom sv. Obitelji, te uz molitvu i\u00a0 Bo\u017eju pomo\u0107 krenuli na njihov mali izlet&#8230; Bilo je \u010detiri ujutro. Pospani, uzbu\u0111eni, ali nadasve radosni, zaputili su se put Istre&#8230;<\/p>\n\n\n\n<div class=\"wp-block-image\"><figure class=\"aligncenter size-large\"><img loading=\"lazy\" decoding=\"async\" width=\"1024\" height=\"1024\" src=\"http:\/\/svetaobitelj.hr\/wp-content\/uploads\/2024\/06\/20240630_063821-1024x1024.jpg\" alt=\"\" class=\"wp-image-3329\" srcset=\"https:\/\/svetaobitelj.hr\/wp-content\/uploads\/2024\/06\/20240630_063821-1024x1024.jpg 1024w, https:\/\/svetaobitelj.hr\/wp-content\/uploads\/2024\/06\/20240630_063821-300x300.jpg 300w, https:\/\/svetaobitelj.hr\/wp-content\/uploads\/2024\/06\/20240630_063821-150x150.jpg 150w, https:\/\/svetaobitelj.hr\/wp-content\/uploads\/2024\/06\/20240630_063821-768x768.jpg 768w, https:\/\/svetaobitelj.hr\/wp-content\/uploads\/2024\/06\/20240630_063821-1536x1536.jpg 1536w, https:\/\/svetaobitelj.hr\/wp-content\/uploads\/2024\/06\/20240630_063821.jpg 1600w\" sizes=\"auto, (max-width: 1024px) 100vw, 1024px\" \/><\/figure><\/div>\n\n\n\n<p>Prvo odredi\u0161te bila je Istralandija gdje su dan proveli u kupanju, spu\u0161tanju niz tobogane i u\u017eivanju. Poslijepodne su stigli na Trsat u sveti\u0161te na\u0161oj Majci, gdje su razgledali sveti\u0161te uz stru\u010dno vodstvo fra Krunoslava Kocijana\u00a0 i na svetoj misi zahvalili na daru ministriranja, zajedni\u0161tvu i na svim blagoslovima koje su primili tijekom godine. Nakon svete mise su s fratrima ve\u010derali u najljep\u0161oj blagavaonici svih samostana u na\u0161oj provinciji (osim naravno na\u0161e na Jugu 2). Zahvaliv\u0161i im na svemu uputili su se kod\u00a0 fra Sini\u0161e Puci\u0107a na Krnjevo u \u017eupu sv. Nikole Taveli\u0107a gdje su prespavali dvije no\u0107i. Po dolasku i nakon \u0161to su raspakirali stvari uslijedilo je \u017eestoko navijanje za na\u0161u repku. Unato\u010d nepovoljnom rezultatu svi su zaklju\u010dili da ih volimo isto kao i da su pobijedili. Uslijedilo je spavanje i rano ustajanje jer su u utorak prijepodne do\u0161li na Punat odakle su se brodi\u0107em uputili na Ko\u0161ljun.<\/p>\n\n\n\n<figure class=\"wp-block-image size-large\"><img loading=\"lazy\" decoding=\"async\" width=\"1024\" height=\"1024\" src=\"http:\/\/svetaobitelj.hr\/wp-content\/uploads\/2024\/06\/20240630_063840-1024x1024.jpg\" alt=\"\" class=\"wp-image-3328\" srcset=\"https:\/\/svetaobitelj.hr\/wp-content\/uploads\/2024\/06\/20240630_063840-1024x1024.jpg 1024w, https:\/\/svetaobitelj.hr\/wp-content\/uploads\/2024\/06\/20240630_063840-300x300.jpg 300w, https:\/\/svetaobitelj.hr\/wp-content\/uploads\/2024\/06\/20240630_063840-150x150.jpg 150w, https:\/\/svetaobitelj.hr\/wp-content\/uploads\/2024\/06\/20240630_063840-768x768.jpg 768w, https:\/\/svetaobitelj.hr\/wp-content\/uploads\/2024\/06\/20240630_063840-1536x1536.jpg 1536w, https:\/\/svetaobitelj.hr\/wp-content\/uploads\/2024\/06\/20240630_063840.jpg 1600w\" sizes=\"auto, (max-width: 1024px) 100vw, 1024px\" \/><\/figure>\n\n\n\n<p> Samim dolaskom na taj mali oto\u010di\u0107 osjetio se mir i spokoj, te smo shvatili kako nam je svima u \u017eivotu potreban pokoji miran trenutak da bismo jo\u0161 bolje molili i bili bli\u017ee Bogu. Izmolili smo an\u0111elovo pozdravljenje predovo\u0111eni fra Sini\u0161om, pogledali muzej i crkvu te nakon toga oti\u0161li na zaslu\u017eeno kupanje za koje smo dobili posebnu dozvolu (ipak su na\u0161i ministranti najbolji). U\u017eivali su u kupanju,igri i naslikavanju (\u0161to se mora nije te\u0161ko). Uslijedio je povratak na kopno, te su svoj put nastavili prema samostanu \u010dasnih sestara Sv. Kri\u017ea gdje su se odu\u0161evili ambijentom a nadsve sestarama koje iako su starije \u017eivotne dobi ostavljaju dojam kao da im je dvadeset godina jer vedar duh, pjesma i smijeh to u\u010dine od \u010dovjeka. Tamo su se okrijepili, vratili na smje\u0161taj, bili na svetoj misi, gdje\u00a0 su ministranti ministrirali, neki \u010ditali te smo i na taj na\u010din predstavljali svoju \u017eupu.<\/p>\n\n\n\n<div class=\"wp-block-image\"><figure class=\"aligncenter size-large\"><img loading=\"lazy\" decoding=\"async\" width=\"1024\" height=\"1024\" src=\"http:\/\/svetaobitelj.hr\/wp-content\/uploads\/2024\/06\/20240630_063806-2-1024x1024.jpg\" alt=\"\" class=\"wp-image-3332\" srcset=\"https:\/\/svetaobitelj.hr\/wp-content\/uploads\/2024\/06\/20240630_063806-2-1024x1024.jpg 1024w, https:\/\/svetaobitelj.hr\/wp-content\/uploads\/2024\/06\/20240630_063806-2-300x300.jpg 300w, https:\/\/svetaobitelj.hr\/wp-content\/uploads\/2024\/06\/20240630_063806-2-150x150.jpg 150w, https:\/\/svetaobitelj.hr\/wp-content\/uploads\/2024\/06\/20240630_063806-2-768x768.jpg 768w, https:\/\/svetaobitelj.hr\/wp-content\/uploads\/2024\/06\/20240630_063806-2-1536x1536.jpg 1536w, https:\/\/svetaobitelj.hr\/wp-content\/uploads\/2024\/06\/20240630_063806-2.jpg 1600w\" sizes=\"auto, (max-width: 1024px) 100vw, 1024px\" \/><\/figure><\/div>\n\n\n\n<p> Nave\u010der su oti\u0161li na \u0161etnju i sladoled u Opatiju te nakon toga oti\u0161li na spavanje. Ujutro su se nakon doru\u010dka pozdravili s fra Sini\u0161om,zahvalili mu na gostoprimstvu,dru\u017eenju te nastavili svoj put prema Kra\u0161i\u0107u gdje su po dolasku pozdravili \u017eupnika vl\u010d. Vu\u010dka, a \u010dasna sestra ih je pobli\u017ee upoznala sa\u00a0 \u017eivotom na\u0161ega bla\u017eenika,velikog \u010dovjeka i domoljuba Alojzija Stepinca. Obi\u0161li su spomen ku\u0107u, crkvu, kri\u017eni put. Izmolili an\u0111elovo pozdravljenje, molitvu za progla\u0161enje svetim na\u0161ega kardinala i uz molitvu da zagovara kod Gospodina za na\u0161u Hrvatsku i za pronalazak svih na\u0161ih nestalih,posebice Jean Michel Nicoliera, nastavili putovanje prema Osijeku. Naravno neizostavnim stajanjem\u00a0 u &#8220;Meku&#8221;, pjesmom i dru\u017eenjem stigli su u svoju \u017eupu gdje ih je do\u010dekao \u017eupnik fra Dragutin kojemu su od srca zahvalili za to \u0161to ih podupire u svemu, podu\u010dava i za njih moli. <\/p>\n\n\n\n<div class=\"wp-block-image\"><figure class=\"aligncenter size-large\"><img loading=\"lazy\" decoding=\"async\" width=\"1024\" height=\"1024\" src=\"http:\/\/svetaobitelj.hr\/wp-content\/uploads\/2024\/06\/20240630_063754-2-1024x1024.jpg\" alt=\"\" class=\"wp-image-3335\" srcset=\"https:\/\/svetaobitelj.hr\/wp-content\/uploads\/2024\/06\/20240630_063754-2-1024x1024.jpg 1024w, https:\/\/svetaobitelj.hr\/wp-content\/uploads\/2024\/06\/20240630_063754-2-300x300.jpg 300w, https:\/\/svetaobitelj.hr\/wp-content\/uploads\/2024\/06\/20240630_063754-2-150x150.jpg 150w, https:\/\/svetaobitelj.hr\/wp-content\/uploads\/2024\/06\/20240630_063754-2-768x768.jpg 768w, https:\/\/svetaobitelj.hr\/wp-content\/uploads\/2024\/06\/20240630_063754-2-1536x1536.jpg 1536w, https:\/\/svetaobitelj.hr\/wp-content\/uploads\/2024\/06\/20240630_063754-2.jpg 1600w\" sizes=\"auto, (max-width: 1024px) 100vw, 1024px\" \/><\/figure><\/div>\n\n\n\n<p>Tako\u0111er su zahvalili voza\u010dima Milanu i Robertu \u0161to su &#8220;trpili&#8221; sve njihove zahtjeve i vozali ih posvuda  te svima onima koji su nas ugostili i omogu\u0107ili ovo na\u0161e putovanje. A najve\u0107a hvala ide na\u0161em Isusu koji nas okuplja, i koji je blagoslovio svaki korak na\u0161ih \u017eivota. Hvala mu \u0161to je na\u0161 prijatelj i otkupitelj. Vole vas va\u0161i ministranti!<\/p>\n\n\n\n<div class=\"wp-block-image\"><figure class=\"aligncenter size-large\"><img loading=\"lazy\" decoding=\"async\" width=\"1024\" height=\"1024\" src=\"http:\/\/svetaobitelj.hr\/wp-content\/uploads\/2024\/06\/20240630_063741-1-1024x1024.jpg\" alt=\"\" class=\"wp-image-3324\" srcset=\"https:\/\/svetaobitelj.hr\/wp-content\/uploads\/2024\/06\/20240630_063741-1-1024x1024.jpg 1024w, https:\/\/svetaobitelj.hr\/wp-content\/uploads\/2024\/06\/20240630_063741-1-300x300.jpg 300w, https:\/\/svetaobitelj.hr\/wp-content\/uploads\/2024\/06\/20240630_063741-1-150x150.jpg 150w, https:\/\/svetaobitelj.hr\/wp-content\/uploads\/2024\/06\/20240630_063741-1-768x768.jpg 768w, https:\/\/svetaobitelj.hr\/wp-content\/uploads\/2024\/06\/20240630_063741-1-1536x1536.jpg 1536w, https:\/\/svetaobitelj.hr\/wp-content\/uploads\/2024\/06\/20240630_063741-1.jpg 1600w\" sizes=\"auto, (max-width: 1024px) 100vw, 1024px\" \/><\/figure><\/div>\n","protected":false},"excerpt":{"rendered":"<p>U ponedjeljak rano ujutro na\u0161i ministranti su se u zajedni\u0161tvu s Ines, Katarinom, Tatjanom i voza\u010dima okupili pred \u017eupnom crkvom sv. Obitelji, te uz molitvu i\u00a0 Bo\u017eju pomo\u0107 krenuli na njihov mali izlet&#8230; Bilo je \u010detiri ujutro. Pospani, uzbu\u0111eni, ali nadasve radosni, zaputili su se put Istre&#8230; Prvo odredi\u0161te bila je Istralandija gdje su dan <a href=\"https:\/\/svetaobitelj.hr\/?p=3319\" class=\"more-link\">[&hellip;]<\/a><\/p>\n","protected":false},"author":2,"featured_media":0,"comment_status":"closed","ping_status":"open","sticky":false,"template":"","format":"standard","meta":{"footnotes":""},"categories":[3],"tags":[],"class_list":["entry","author-","post-3319","post","type-post","status-publish","format-standard","category-zupa"],"_links":{"self":[{"href":"https:\/\/svetaobitelj.hr\/index.php?rest_route=\/wp\/v2\/posts\/3319","targetHints":{"allow":["GET"]}}],"collection":[{"href":"https:\/\/svetaobitelj.hr\/index.php?rest_route=\/wp\/v2\/posts"}],"about":[{"href":"https:\/\/svetaobitelj.hr\/index.php?rest_route=\/wp\/v2\/types\/post"}],"author":[{"embeddable":true,"href":"https:\/\/svetaobitelj.hr\/index.php?rest_route=\/wp\/v2\/users\/2"}],"replies":[{"embeddable":true,"href":"https:\/\/svetaobitelj.hr\/index.php?rest_route=%2Fwp%2Fv2%2Fcomments&post=3319"}],"version-history":[{"count":1,"href":"https:\/\/svetaobitelj.hr\/index.php?rest_route=\/wp\/v2\/posts\/3319\/revisions"}],"predecessor-version":[{"id":3336,"href":"https:\/\/svetaobitelj.hr\/index.php?rest_route=\/wp\/v2\/posts\/3319\/revisions\/3336"}],"wp:attachment":[{"href":"https:\/\/svetaobitelj.hr\/index.php?rest_route=%2Fwp%2Fv2%2Fmedia&parent=3319"}],"wp:term":[{"taxonomy":"category","embeddable":true,"href":"https:\/\/svetaobitelj.hr\/index.php?rest_route=%2Fwp%2Fv2%2Fcategories&post=3319"},{"taxonomy":"post_tag","embeddable":true,"href":"https:\/\/svetaobitelj.hr\/index.php?rest_route=%2Fwp%2Fv2%2Ftags&post=3319"}],"curies":[{"name":"wp","href":"https:\/\/api.w.org\/{rel}","templated":true}]}}