{"id":3312,"date":"2024-06-21T04:52:01","date_gmt":"2024-06-21T03:52:01","guid":{"rendered":"http:\/\/svetaobitelj.hr\/?p=3312"},"modified":"2024-06-21T04:52:02","modified_gmt":"2024-06-21T03:52:02","slug":"zupne-obavijesti-12-nedjelja-kroz-godinu-6","status":"publish","type":"post","link":"https:\/\/svetaobitelj.hr\/?p=3312","title":{"rendered":"\u017dupne obavijesti: 12. nedjelja kroz godinu"},"content":{"rendered":"\n<p>Slavimo dvanaestu nedjelju kroz godinu.<\/p>\n\n\n\n<p>Zahvaljujem svima koji ste darovali pro\u0161le nedjelje za na\u0161e ministrante, kao i svima vama koji poma\u017eete obnovu donje sakristije koja je jo\u0161 u tijeku.<\/p>\n\n\n\n<p>Sutra slavimo svetkovinu Ro\u0111enja sv. Ivana Krstitelja. Svete mise su u 7:30 i 18:30 sati.<\/p>\n\n\n\n<p>U subotu slavimo sv. Petra i Pavla, za\u0161titnike na\u0161ega grada Osijeka. Svete mise u na\u0161oj su \u017eupi u 7:30 i 18:30 sati. U Konkatedrali sve\u010dano euharistijsko slavlje s po\u010detkom u 18:30 sati predslavit \u0107e novi po\u017ee\u0161ki biskup mons. Ivo Martinovi\u0107.<\/p>\n\n\n\n<p>Sljede\u0107e nedjelje slavimo trinaestu nedjelju kroz godinu.<\/p>\n\n\n\n<p>Hrvatska biskupska konferencija je na svome Izvanrednom plenarnom zasjedanju, odr\u017eanom u Zagrebu 6. lipnja ove godine, donijela odluku o promjeni visine iznosa misnoga priloga (stipendija) za pojedina\u010dna misna slavlja te za Svete mise Gregorijane. Na temelju te odluke na\u0161 nas je nadbiskup, mons. \u0110uro Hrani\u0107, obavijestio da \u0107e od 1. srpnja ove  godine na \u010ditavom podru\u010dju Republike Hrvatske, pa tako i na podru\u010dju na\u0161e \u0110akova\u010dko-osje\u010dke nadbiskupije, iznos misnog priloga (stipendija) biti 10 eura, a Svete mise Gregorijane biti 400 eura. Podsje\u0107a nas i na Odredbu koja i dalje vrijedi da na podru\u010dju na\u0161e Nadbiskupije nije dopu\u0161teno primanje niti slu\u017eenje tzv. \u201ekumulativnih\u201c sv. misa.<\/p>\n\n\n\n<p>Zahvalni za va\u0161u pomo\u0107 kojom poma\u017eete obnovu na\u0161ih crkava i samostana nastradalih u potresima, preporu\u010damo se i nadalje va\u0161oj dobroti. Svoj nov\u010dani prilog mo\u017eete dati u posebno ozna\u010denu \u0161krabicu pri izlazu iz crkve ili u \u017eupni ured ili direktno uplatiti na ra\u010dun koji se nalazi na plakatu ili letku.<\/p>\n\n\n\n<p>Molimo sve vas koji jo\u0161 nemate \u017eupnu obiteljsku knji\u017eicu ili je potrebno upisati promjene u postoje\u0107e, da se javite u \u017eupni ured.<\/p>\n\n\n\n<p>SOS Dje\u010dje selo Hrvatska provodi kampanju pod naslovom \u201eBudi dio koji nedostaje\u201c. Njome se \u017eeli privu\u0107i zainteresirane prikladne osobe od povjerenja koje su spremne zaposliti se kao SOS mame i SOS o\u010devi te se posvetiti djeci koja su smje\u0161tena u SOS selima. Zainteresirani neka se jave u \u017eupni ured radi daljnjih uputa.<\/p>\n\n\n\n<p>Kupujte i \u010ditajte katoli\u010dki vjerski tisak.<\/p>\n","protected":false},"excerpt":{"rendered":"<p>Slavimo dvanaestu nedjelju kroz godinu. Zahvaljujem svima koji ste darovali pro\u0161le nedjelje za na\u0161e ministrante, kao i svima vama koji poma\u017eete obnovu donje sakristije koja je jo\u0161 u tijeku. Sutra slavimo svetkovinu Ro\u0111enja sv. Ivana Krstitelja. Svete mise su u 7:30 i 18:30 sati. U subotu slavimo sv. Petra i Pavla, za\u0161titnike na\u0161ega grada Osijeka. <a href=\"https:\/\/svetaobitelj.hr\/?p=3312\" class=\"more-link\">[&hellip;]<\/a><\/p>\n","protected":false},"author":2,"featured_media":0,"comment_status":"closed","ping_status":"open","sticky":false,"template":"","format":"standard","meta":{"footnotes":""},"categories":[3],"tags":[],"class_list":["entry","author-","post-3312","post","type-post","status-publish","format-standard","category-zupa"],"_links":{"self":[{"href":"https:\/\/svetaobitelj.hr\/index.php?rest_route=\/wp\/v2\/posts\/3312","targetHints":{"allow":["GET"]}}],"collection":[{"href":"https:\/\/svetaobitelj.hr\/index.php?rest_route=\/wp\/v2\/posts"}],"about":[{"href":"https:\/\/svetaobitelj.hr\/index.php?rest_route=\/wp\/v2\/types\/post"}],"author":[{"embeddable":true,"href":"https:\/\/svetaobitelj.hr\/index.php?rest_route=\/wp\/v2\/users\/2"}],"replies":[{"embeddable":true,"href":"https:\/\/svetaobitelj.hr\/index.php?rest_route=%2Fwp%2Fv2%2Fcomments&post=3312"}],"version-history":[{"count":2,"href":"https:\/\/svetaobitelj.hr\/index.php?rest_route=\/wp\/v2\/posts\/3312\/revisions"}],"predecessor-version":[{"id":3314,"href":"https:\/\/svetaobitelj.hr\/index.php?rest_route=\/wp\/v2\/posts\/3312\/revisions\/3314"}],"wp:attachment":[{"href":"https:\/\/svetaobitelj.hr\/index.php?rest_route=%2Fwp%2Fv2%2Fmedia&parent=3312"}],"wp:term":[{"taxonomy":"category","embeddable":true,"href":"https:\/\/svetaobitelj.hr\/index.php?rest_route=%2Fwp%2Fv2%2Fcategories&post=3312"},{"taxonomy":"post_tag","embeddable":true,"href":"https:\/\/svetaobitelj.hr\/index.php?rest_route=%2Fwp%2Fv2%2Ftags&post=3312"}],"curies":[{"name":"wp","href":"https:\/\/api.w.org\/{rel}","templated":true}]}}