{"id":3306,"date":"2024-06-17T09:37:00","date_gmt":"2024-06-17T08:37:00","guid":{"rendered":"https:\/\/svetaobitelj.hr\/?p=3306"},"modified":"2024-06-17T09:37:00","modified_gmt":"2024-06-17T08:37:00","slug":"seminar","status":"publish","type":"post","link":"https:\/\/svetaobitelj.hr\/?p=3306","title":{"rendered":"Seminar"},"content":{"rendered":"\n<div class=\"wp-block-image\"><figure class=\"aligncenter size-large\"><img loading=\"lazy\" decoding=\"async\" width=\"968\" height=\"838\" src=\"https:\/\/svetaobitelj.hr\/wp-content\/uploads\/2024\/06\/20240617_065416-1.jpg\" alt=\"\" class=\"wp-image-3308\" srcset=\"https:\/\/svetaobitelj.hr\/wp-content\/uploads\/2024\/06\/20240617_065416-1.jpg 968w, https:\/\/svetaobitelj.hr\/wp-content\/uploads\/2024\/06\/20240617_065416-1-300x260.jpg 300w, https:\/\/svetaobitelj.hr\/wp-content\/uploads\/2024\/06\/20240617_065416-1-768x665.jpg 768w\" sizes=\"auto, (max-width: 968px) 100vw, 968px\" \/><\/figure><\/div>\n\n\n\n<p>Caritas \u0110akova\u010dko-osje\u010dke nadbiskupije organizirao je\u00a0u subotu, \u00a015. lipnja 2024. u Nadbiskupskom Vikarijatu u Osijeku nadbiskupijski seminar za djelatnike, animatore, suradnike \u017eupnih karitativnih skupina i \u010dlanove odbora za Caritas pri \u017eupnim pastoralnim vije\u0107ima s temom \u201eCaritas \u2013 udomiteljska obitelj\u201c.\u00a0 Seminaru su nazo\u010dili i predstavnici na\u0161e \u017eupe.<\/p>\n\n\n\n<div class=\"wp-block-image\"><figure class=\"aligncenter size-large\"><img loading=\"lazy\" decoding=\"async\" width=\"768\" height=\"1024\" src=\"https:\/\/svetaobitelj.hr\/wp-content\/uploads\/2024\/06\/20240617_065449-768x1024.jpg\" alt=\"\" class=\"wp-image-3309\" srcset=\"https:\/\/svetaobitelj.hr\/wp-content\/uploads\/2024\/06\/20240617_065449-768x1024.jpg 768w, https:\/\/svetaobitelj.hr\/wp-content\/uploads\/2024\/06\/20240617_065449-225x300.jpg 225w, https:\/\/svetaobitelj.hr\/wp-content\/uploads\/2024\/06\/20240617_065449-1152x1536.jpg 1152w, https:\/\/svetaobitelj.hr\/wp-content\/uploads\/2024\/06\/20240617_065449.jpg 1200w\" sizes=\"auto, (max-width: 768px) 100vw, 768px\" \/><\/figure><\/div>\n","protected":false},"excerpt":{"rendered":"<p>Caritas \u0110akova\u010dko-osje\u010dke nadbiskupije organizirao je\u00a0u subotu, \u00a015. lipnja 2024. u Nadbiskupskom Vikarijatu u Osijeku nadbiskupijski seminar za djelatnike, animatore, suradnike \u017eupnih karitativnih skupina i \u010dlanove odbora za Caritas pri \u017eupnim pastoralnim vije\u0107ima s temom \u201eCaritas \u2013 udomiteljska obitelj\u201c.\u00a0 Seminaru su nazo\u010dili i predstavnici na\u0161e \u017eupe.<\/p>\n","protected":false},"author":2,"featured_media":0,"comment_status":"closed","ping_status":"open","sticky":false,"template":"","format":"standard","meta":{"footnotes":""},"categories":[3],"tags":[],"class_list":["entry","author-","post-3306","post","type-post","status-publish","format-standard","category-zupa"],"_links":{"self":[{"href":"https:\/\/svetaobitelj.hr\/index.php?rest_route=\/wp\/v2\/posts\/3306","targetHints":{"allow":["GET"]}}],"collection":[{"href":"https:\/\/svetaobitelj.hr\/index.php?rest_route=\/wp\/v2\/posts"}],"about":[{"href":"https:\/\/svetaobitelj.hr\/index.php?rest_route=\/wp\/v2\/types\/post"}],"author":[{"embeddable":true,"href":"https:\/\/svetaobitelj.hr\/index.php?rest_route=\/wp\/v2\/users\/2"}],"replies":[{"embeddable":true,"href":"https:\/\/svetaobitelj.hr\/index.php?rest_route=%2Fwp%2Fv2%2Fcomments&post=3306"}],"version-history":[{"count":1,"href":"https:\/\/svetaobitelj.hr\/index.php?rest_route=\/wp\/v2\/posts\/3306\/revisions"}],"predecessor-version":[{"id":3310,"href":"https:\/\/svetaobitelj.hr\/index.php?rest_route=\/wp\/v2\/posts\/3306\/revisions\/3310"}],"wp:attachment":[{"href":"https:\/\/svetaobitelj.hr\/index.php?rest_route=%2Fwp%2Fv2%2Fmedia&parent=3306"}],"wp:term":[{"taxonomy":"category","embeddable":true,"href":"https:\/\/svetaobitelj.hr\/index.php?rest_route=%2Fwp%2Fv2%2Fcategories&post=3306"},{"taxonomy":"post_tag","embeddable":true,"href":"https:\/\/svetaobitelj.hr\/index.php?rest_route=%2Fwp%2Fv2%2Ftags&post=3306"}],"curies":[{"name":"wp","href":"https:\/\/api.w.org\/{rel}","templated":true}]}}