{"id":3284,"date":"2024-05-31T21:39:13","date_gmt":"2024-05-31T20:39:13","guid":{"rendered":"http:\/\/svetaobitelj.hr\/?p=3284"},"modified":"2024-05-31T21:39:14","modified_gmt":"2024-05-31T20:39:14","slug":"tijelovo-4","status":"publish","type":"post","link":"https:\/\/svetaobitelj.hr\/?p=3284","title":{"rendered":"Tijelovo"},"content":{"rendered":"\n<div class=\"wp-block-image\"><figure class=\"aligncenter size-large\"><img loading=\"lazy\" decoding=\"async\" width=\"1024\" height=\"1024\" src=\"http:\/\/svetaobitelj.hr\/wp-content\/uploads\/2024\/05\/Slika-1-1024x1024.jpg\" alt=\"\" class=\"wp-image-3285\" srcset=\"https:\/\/svetaobitelj.hr\/wp-content\/uploads\/2024\/05\/Slika-1-1024x1024.jpg 1024w, https:\/\/svetaobitelj.hr\/wp-content\/uploads\/2024\/05\/Slika-1-300x300.jpg 300w, https:\/\/svetaobitelj.hr\/wp-content\/uploads\/2024\/05\/Slika-1-150x150.jpg 150w, https:\/\/svetaobitelj.hr\/wp-content\/uploads\/2024\/05\/Slika-1-768x768.jpg 768w, https:\/\/svetaobitelj.hr\/wp-content\/uploads\/2024\/05\/Slika-1-1536x1536.jpg 1536w, https:\/\/svetaobitelj.hr\/wp-content\/uploads\/2024\/05\/Slika-1.jpg 1600w\" sizes=\"auto, (max-width: 1024px) 100vw, 1024px\" \/><\/figure><\/div>\n\n\n\n<p>Blagdan koji nazivamo Tijelovo svetkovina je Presvetog Tijela i Krvi Kristove. Slavi se u \u010detvrtak po blagdanu Presvetog Trojstva, odnosno deveti \u010detvrtak po Uskrsu.<\/p>\n\n\n\n<div class=\"wp-block-image\"><figure class=\"aligncenter size-large\"><img loading=\"lazy\" decoding=\"async\" width=\"1024\" height=\"1024\" src=\"http:\/\/svetaobitelj.hr\/wp-content\/uploads\/2024\/05\/Slika-2-1024x1024.jpg\" alt=\"\" class=\"wp-image-3286\" srcset=\"https:\/\/svetaobitelj.hr\/wp-content\/uploads\/2024\/05\/Slika-2-1024x1024.jpg 1024w, https:\/\/svetaobitelj.hr\/wp-content\/uploads\/2024\/05\/Slika-2-300x300.jpg 300w, https:\/\/svetaobitelj.hr\/wp-content\/uploads\/2024\/05\/Slika-2-150x150.jpg 150w, https:\/\/svetaobitelj.hr\/wp-content\/uploads\/2024\/05\/Slika-2-768x768.jpg 768w, https:\/\/svetaobitelj.hr\/wp-content\/uploads\/2024\/05\/Slika-2-1536x1536.jpg 1536w, https:\/\/svetaobitelj.hr\/wp-content\/uploads\/2024\/05\/Slika-2.jpg 1600w\" sizes=\"auto, (max-width: 1024px) 100vw, 1024px\" \/><\/figure><\/div>\n\n\n\n<p>Ivan Pavao II. istaknuo je da je to \u201cblagdan radosti zbog \u010dudesnog dara Kruha s kojim je Krist povezao svoje obe\u0107anje \u017eivota vje\u010dnoga: Kruh koji je zaista njegovo Tijelo, to jest njegova \u010dovje\u010dnost, po kojemu Bog posve\u0107uje srca, osobe, zajednice, narode i cijeli svemir. Euharistija postaje tako na\u010delo novoga \u010dovje\u010danstva i obnovljenog svijeta, koji \u0107e se potpuno o\u010ditovati na kraju povijesti. Ve\u0107 sada ipak raste kao sjeme i kvasac kraljevstva Bo\u017ejega. Prepoznatljiva oznaka novoga \u010dovje\u010danstva koje je Krist otkupio jest punina bratske ljubavi. Doista, Euharistija je u pravom smislu rije\u010di sakrament ljubavi, shva\u0107ene kao sebedarje. Bez duhovne hrane koja proizlazi iz Tijela i Krvi Kristove, ljudska ljubav ostaje uvijek ukaljana sebi\u010dno\u0161\u0107u. Zajedni\u0161tvo s Kruhom nebeskim, stoga, obra\u0107a srca i ulijeva u njih sposobnost ljubiti kao \u0161to je nas ljubio Isus\u201d.<\/p>\n\n\n\n<div class=\"wp-block-image\"><figure class=\"aligncenter size-large\"><img loading=\"lazy\" decoding=\"async\" width=\"1024\" height=\"1024\" src=\"http:\/\/svetaobitelj.hr\/wp-content\/uploads\/2024\/05\/Slika-3-1024x1024.jpg\" alt=\"\" class=\"wp-image-3287\" srcset=\"https:\/\/svetaobitelj.hr\/wp-content\/uploads\/2024\/05\/Slika-3-1024x1024.jpg 1024w, https:\/\/svetaobitelj.hr\/wp-content\/uploads\/2024\/05\/Slika-3-300x300.jpg 300w, https:\/\/svetaobitelj.hr\/wp-content\/uploads\/2024\/05\/Slika-3-150x150.jpg 150w, https:\/\/svetaobitelj.hr\/wp-content\/uploads\/2024\/05\/Slika-3-768x768.jpg 768w, https:\/\/svetaobitelj.hr\/wp-content\/uploads\/2024\/05\/Slika-3-1536x1536.jpg 1536w, https:\/\/svetaobitelj.hr\/wp-content\/uploads\/2024\/05\/Slika-3.jpg 1600w\" sizes=\"auto, (max-width: 1024px) 100vw, 1024px\" \/><\/figure><\/div>\n\n\n\n<p>Nakon ve\u010dernje svete mise u na\u0161oj \u017eupi bila je procesija s Presvetim oko crkve. Nose\u0107i Presveto u sve\u010danoj povorci i blagoslivljaju\u0107i njime ne samo one nazo\u010dne ve\u0107 cijeli svijet, kr\u0161\u0107ani se u isto vrijeme podsje\u0107aju kako oni sami svojim \u017eivotom moraju biti \u017eive pokaznice i biti izvor blagoslova za svijet. Kr\u0161\u0107ani na Tijelovo ne idu u procesiji da bi ne\u0161to demonstrirali ili protiv ne\u010dega protestirali, ve\u0107 da poka\u017eu da kao hodo\u010dasnici stupaju za Kristom prema kona\u010dnom cilju svoga \u017eivota. Zato je Tijelovo prava prilika da se svaki kr\u0161\u0107anin ozbiljno zapita, kako predstavlja Krista u svijetu.<\/p>\n\n\n\n<div class=\"wp-block-image\"><figure class=\"aligncenter size-large\"><img loading=\"lazy\" decoding=\"async\" width=\"1024\" height=\"1024\" src=\"http:\/\/svetaobitelj.hr\/wp-content\/uploads\/2024\/05\/Slika-4-1024x1024.jpg\" alt=\"\" class=\"wp-image-3288\" srcset=\"https:\/\/svetaobitelj.hr\/wp-content\/uploads\/2024\/05\/Slika-4-1024x1024.jpg 1024w, https:\/\/svetaobitelj.hr\/wp-content\/uploads\/2024\/05\/Slika-4-300x300.jpg 300w, https:\/\/svetaobitelj.hr\/wp-content\/uploads\/2024\/05\/Slika-4-150x150.jpg 150w, https:\/\/svetaobitelj.hr\/wp-content\/uploads\/2024\/05\/Slika-4-768x768.jpg 768w, https:\/\/svetaobitelj.hr\/wp-content\/uploads\/2024\/05\/Slika-4-1536x1536.jpg 1536w, https:\/\/svetaobitelj.hr\/wp-content\/uploads\/2024\/05\/Slika-4.jpg 1600w\" sizes=\"auto, (max-width: 1024px) 100vw, 1024px\" \/><\/figure><\/div>\n","protected":false},"excerpt":{"rendered":"<p>Blagdan koji nazivamo Tijelovo svetkovina je Presvetog Tijela i Krvi Kristove. Slavi se u \u010detvrtak po blagdanu Presvetog Trojstva, odnosno deveti \u010detvrtak po Uskrsu. Ivan Pavao II. istaknuo je da je to \u201cblagdan radosti zbog \u010dudesnog dara Kruha s kojim je Krist povezao svoje obe\u0107anje \u017eivota vje\u010dnoga: Kruh koji je zaista njegovo Tijelo, to jest <a href=\"https:\/\/svetaobitelj.hr\/?p=3284\" class=\"more-link\">[&hellip;]<\/a><\/p>\n","protected":false},"author":2,"featured_media":0,"comment_status":"closed","ping_status":"open","sticky":false,"template":"","format":"standard","meta":{"footnotes":""},"categories":[3],"tags":[],"class_list":["entry","author-","post-3284","post","type-post","status-publish","format-standard","category-zupa"],"_links":{"self":[{"href":"https:\/\/svetaobitelj.hr\/index.php?rest_route=\/wp\/v2\/posts\/3284","targetHints":{"allow":["GET"]}}],"collection":[{"href":"https:\/\/svetaobitelj.hr\/index.php?rest_route=\/wp\/v2\/posts"}],"about":[{"href":"https:\/\/svetaobitelj.hr\/index.php?rest_route=\/wp\/v2\/types\/post"}],"author":[{"embeddable":true,"href":"https:\/\/svetaobitelj.hr\/index.php?rest_route=\/wp\/v2\/users\/2"}],"replies":[{"embeddable":true,"href":"https:\/\/svetaobitelj.hr\/index.php?rest_route=%2Fwp%2Fv2%2Fcomments&post=3284"}],"version-history":[{"count":1,"href":"https:\/\/svetaobitelj.hr\/index.php?rest_route=\/wp\/v2\/posts\/3284\/revisions"}],"predecessor-version":[{"id":3289,"href":"https:\/\/svetaobitelj.hr\/index.php?rest_route=\/wp\/v2\/posts\/3284\/revisions\/3289"}],"wp:attachment":[{"href":"https:\/\/svetaobitelj.hr\/index.php?rest_route=%2Fwp%2Fv2%2Fmedia&parent=3284"}],"wp:term":[{"taxonomy":"category","embeddable":true,"href":"https:\/\/svetaobitelj.hr\/index.php?rest_route=%2Fwp%2Fv2%2Fcategories&post=3284"},{"taxonomy":"post_tag","embeddable":true,"href":"https:\/\/svetaobitelj.hr\/index.php?rest_route=%2Fwp%2Fv2%2Ftags&post=3284"}],"curies":[{"name":"wp","href":"https:\/\/api.w.org\/{rel}","templated":true}]}}