{"id":3278,"date":"2024-05-17T08:10:26","date_gmt":"2024-05-17T07:10:26","guid":{"rendered":"http:\/\/svetaobitelj.hr\/?p=3278"},"modified":"2024-05-17T08:10:51","modified_gmt":"2024-05-17T07:10:51","slug":"zupne-obavijesti-nedjelja-pedesetnice-duhovi-3","status":"publish","type":"post","link":"https:\/\/svetaobitelj.hr\/?p=3278","title":{"rendered":"\u017dupne obavijesti: Nedjelja Pedesetnice &#8211; Duhovi"},"content":{"rendered":"\n<p>Slavimo Nedjelju Pedesetnice \u2013 Duhove. Zavr\u0161ava vazmeni ciklus u liturgijskoj ili crkvenoj godini, a nastavlja se vrijeme kroz godinu.<\/p>\n\n\n\n<p>U utorak je pobo\u017enost na \u010dast sv. Antunu Padovanskom u 18:15 sati.<\/p>\n\n\n\n<p>Ovaj tjedan \u0107e \u017eupni ured biti otvoren od utorka do petka od 17:00 do 18:00 sati, a u subotu ne\u0107e biti otvoren.<\/p>\n\n\n\n<p>Sljede\u0107e nedjelje slavimo Presveto Trojstvo. Ujedno je i Svjetski dan djece \u0161to \u0107emo sve\u010danije proslaviti svetom misom u 10:00 sati. Pozvana su sva djeca, njihovi roditelji, prosvjetni djelatnici i odgojitelji da zajedno proslavimo ovaj Dan. Tema ovogodi\u0161nje proslave su Isusove rije\u010di iz Knjige Otkrivenja \u201eEvo, sve \u010dinim novo\u201c (Otk 21,5).<\/p>\n\n\n\n<p>Na blagdan Poho\u0111enja Bla\u017eene Djevice Marije, 31. svibnja, bit \u0107e Hodo\u010da\u0161\u0107e obitelji osje\u010dkih dekanata aljma\u0161koj Gospi od Uto\u010di\u0161ta. Slavlje svete mise u sveti\u0161tu zapo\u010dinje u 19:00 sati, a nakon mise bit \u0107e procesija do Gospe pod Lipom gdje je zavr\u0161etak hodo\u010da\u0161\u0107a marijanskom pobo\u017eno\u0161\u0107u. Svetu misu predvodit \u0107e pre\u010d. dr. Davor Vukovi\u0107, predstojnik Instituta<br>Ivan Pavao II. <\/p>\n\n\n\n<p>U subotu, 8. lipnja ove godine, bit \u0107e u Sveti\u0161tu Gospe Ila\u010dke XXII. Nadbiskupijski susret osoba s invaliditetom i \u010dlanova njihovih obitelji s po\u010detkom u 10:00 sati.<\/p>\n\n\n\n<p>Zahvalni za va\u0161u pomo\u0107 kojom poma\u017eete obnovu na\u0161ih crkava i samostana nastradalih u potresima, preporu\u010damo se i nadalje va\u0161oj dobroti. Svoj nov\u010dani prilog mo\u017eete dati u posebno ozna\u010denu \u0161krabicu pri izlazu iz crkve ili u \u017eupni ured ili direktno uplatiti na ra\u010dun koji se nalazi na plakatu ili letku.<\/p>\n\n\n\n<p>Molimo sve vas koji jo\u0161 nemate \u017eupnu obiteljsku knji\u017eicu ili je potrebno upisati promjene u postoje\u0107e, da se javite u \u017eupni ured.<\/p>\n\n\n\n<p>Kupujte i \u010ditajte katoli\u010dki vjerski tisak.<\/p>\n","protected":false},"excerpt":{"rendered":"<p>Slavimo Nedjelju Pedesetnice \u2013 Duhove. Zavr\u0161ava vazmeni ciklus u liturgijskoj ili crkvenoj godini, a nastavlja se vrijeme kroz godinu. U utorak je pobo\u017enost na \u010dast sv. Antunu Padovanskom u 18:15 sati. Ovaj tjedan \u0107e \u017eupni ured biti otvoren od utorka do petka od 17:00 do 18:00 sati, a u subotu ne\u0107e biti otvoren. Sljede\u0107e nedjelje <a href=\"https:\/\/svetaobitelj.hr\/?p=3278\" class=\"more-link\">[&hellip;]<\/a><\/p>\n","protected":false},"author":2,"featured_media":0,"comment_status":"closed","ping_status":"open","sticky":false,"template":"","format":"standard","meta":{"footnotes":""},"categories":[3],"tags":[],"class_list":["entry","author-","post-3278","post","type-post","status-publish","format-standard","category-zupa"],"_links":{"self":[{"href":"https:\/\/svetaobitelj.hr\/index.php?rest_route=\/wp\/v2\/posts\/3278","targetHints":{"allow":["GET"]}}],"collection":[{"href":"https:\/\/svetaobitelj.hr\/index.php?rest_route=\/wp\/v2\/posts"}],"about":[{"href":"https:\/\/svetaobitelj.hr\/index.php?rest_route=\/wp\/v2\/types\/post"}],"author":[{"embeddable":true,"href":"https:\/\/svetaobitelj.hr\/index.php?rest_route=\/wp\/v2\/users\/2"}],"replies":[{"embeddable":true,"href":"https:\/\/svetaobitelj.hr\/index.php?rest_route=%2Fwp%2Fv2%2Fcomments&post=3278"}],"version-history":[{"count":2,"href":"https:\/\/svetaobitelj.hr\/index.php?rest_route=\/wp\/v2\/posts\/3278\/revisions"}],"predecessor-version":[{"id":3280,"href":"https:\/\/svetaobitelj.hr\/index.php?rest_route=\/wp\/v2\/posts\/3278\/revisions\/3280"}],"wp:attachment":[{"href":"https:\/\/svetaobitelj.hr\/index.php?rest_route=%2Fwp%2Fv2%2Fmedia&parent=3278"}],"wp:term":[{"taxonomy":"category","embeddable":true,"href":"https:\/\/svetaobitelj.hr\/index.php?rest_route=%2Fwp%2Fv2%2Fcategories&post=3278"},{"taxonomy":"post_tag","embeddable":true,"href":"https:\/\/svetaobitelj.hr\/index.php?rest_route=%2Fwp%2Fv2%2Ftags&post=3278"}],"curies":[{"name":"wp","href":"https:\/\/api.w.org\/{rel}","templated":true}]}}