{"id":3274,"date":"2024-05-11T05:12:08","date_gmt":"2024-05-11T04:12:08","guid":{"rendered":"http:\/\/svetaobitelj.hr\/?p=3274"},"modified":"2024-05-11T05:12:08","modified_gmt":"2024-05-11T04:12:08","slug":"zupne-obavijesti-7-vazmena-nedjelja-6","status":"publish","type":"post","link":"https:\/\/svetaobitelj.hr\/?p=3274","title":{"rendered":"\u017dupne obavijesti: 7. vazmena nedjelja"},"content":{"rendered":"\n<p>Slavimo sedmu vazmenu nedjelju. Druga je nedjelja u svibnju kada slavimo Maj\u010din dan, a u na\u0161oj je \u017dupi godi\u0161nje klanjanje pred Presvetim Oltarskim Sakramentom. Crkva \u0107e biti otvorena poslije podne od 16:00 sati kada \u0107e biti izlo\u017eeno Presveto za osobno klanjanje. Zajedni\u010dki zavr\u0161etak klanjanja bit \u0107e od 17:30 sati. U 18:15 su svibanjske pobo\u017enosti.<\/p>\n\n\n\n<p>Sutra je biblijski sat nakon ve\u010dernje svete mise.<\/p>\n\n\n\n<p>U utorak je pobo\u017enost na \u010dast sv. Antunu Padovanskom u 18:15 sati.<\/p>\n\n\n\n<p>U srijedu pod ve\u010dernjom svetom misom molimo za stradalnike Bleiburga i Kri\u017enoga puta nakon Drugoga svjetskog rata.<\/p>\n\n\n\n<p>Sljede\u0107e nedjelje slavimo Nedjelju Pedesetnice \u2013 Duhove. Zavr\u0161ava vazmeni ciklus u liturgijskoj ili crkvenoj godini i nastavlja se vrijeme kroz godinu. Na blagdan Poho\u0111enja Bla\u017eene Djevice Marije, 31. svibnja, bit \u0107e Hodo\u010da\u0161\u0107e obitelji osje\u010dkih dekanata aljma\u0161koj Gospi od Uto\u010di\u0161ta. Slavlje svete mise u sveti\u0161tu zapo\u010dinje u 19:00 sati, a nakon mise bit \u0107e procesija do Gospe pod Lipom gdje je zavr\u0161etak hodo\u010da\u0161\u0107a marijanskom pobo\u017eno\u0161\u0107u. Svetu misu predvodit \u0107e pre\u010d. dr. Davor Vukovi\u0107, predstojnik Instituta Ivan Pavao II.<\/p>\n\n\n\n<p>Zahvalni za va\u0161u pomo\u0107 kojom poma\u017eete obnovu na\u0161ih crkava i samostana nastradalih u potresima, preporu\u010damo se i nadalje va\u0161oj dobroti.<\/p>\n\n\n\n<p>Molimo sve vas koji jo\u0161 nemate \u017eupnu obiteljsku knji\u017eicu ili je potrebno upisati promjene u postoje\u0107e, da se javite u \u017eupni ured.<\/p>\n\n\n\n<p>Ured za pastoralni rad s mladima na\u0161e Nadbiskupije organizira zajedni\u010dki odlazak i jednotjedni boravak mladih vjernika u ekumensku zajednicu Taize u Francuskoj od 2. do 12. kolovoza ove godine. Zainteresirani neka se jave u \u017eupni ured radi daljnjih uputa. <\/p>\n\n\n\n<p>Na\u0161 nadbiskup, mons. \u0110uro Hrani\u0107, poslao nam je dopis u vezi stranih radnika i doseljenika, gdje me\u0111u ostalim pi\u0161e: <em>\u201eKao kr\u0161\u0107ani i vjernici pozvani smo brojnim stranim radnicima na podru\u010dju na\u0161e Nadbiskupije o\u010ditovati blizinu i pristupiti im s po\u0161tovanjem i ljubavlju. Me\u0111u njima ima i kr\u0161\u0107anskih vjernika i \u010dlanova Katoli\u010dke Crkve, koji imaju pravo na susret s Gospodinom u sakramentima, a osobito u Euharistiji. \u017dele\u0107i im to osigurati, nu\u017eno je razmisliti o konkretnim planovima i koracima u ostvarenju na\u0161ega apostolata. Na toj nas obvezuje i \u010dinjenica postojanja brojnih hrvatskih katoli\u010dkih misija diljem svijeta.\u201c <\/em>Po\u0161tovani \u017eupljani, nadam se da imate informacije o stranim radnicima i doseljenicima u na\u0161oj \u017dupi pa vas molim da mi to javite tijekom ovoga tjedna kako bih mogao ispuniti upitnik i anketu i poslati je u \u0110akovo.<\/p>\n\n\n\n<p>Kupujte i \u010ditajte katoli\u010dki vjerski tisak.<\/p>\n","protected":false},"excerpt":{"rendered":"<p>Slavimo sedmu vazmenu nedjelju. Druga je nedjelja u svibnju kada slavimo Maj\u010din dan, a u na\u0161oj je \u017dupi godi\u0161nje klanjanje pred Presvetim Oltarskim Sakramentom. Crkva \u0107e biti otvorena poslije podne od 16:00 sati kada \u0107e biti izlo\u017eeno Presveto za osobno klanjanje. Zajedni\u010dki zavr\u0161etak klanjanja bit \u0107e od 17:30 sati. U 18:15 su svibanjske pobo\u017enosti. Sutra <a href=\"https:\/\/svetaobitelj.hr\/?p=3274\" class=\"more-link\">[&hellip;]<\/a><\/p>\n","protected":false},"author":2,"featured_media":0,"comment_status":"closed","ping_status":"open","sticky":false,"template":"","format":"standard","meta":{"footnotes":""},"categories":[3],"tags":[],"class_list":["entry","author-","post-3274","post","type-post","status-publish","format-standard","category-zupa"],"_links":{"self":[{"href":"https:\/\/svetaobitelj.hr\/index.php?rest_route=\/wp\/v2\/posts\/3274","targetHints":{"allow":["GET"]}}],"collection":[{"href":"https:\/\/svetaobitelj.hr\/index.php?rest_route=\/wp\/v2\/posts"}],"about":[{"href":"https:\/\/svetaobitelj.hr\/index.php?rest_route=\/wp\/v2\/types\/post"}],"author":[{"embeddable":true,"href":"https:\/\/svetaobitelj.hr\/index.php?rest_route=\/wp\/v2\/users\/2"}],"replies":[{"embeddable":true,"href":"https:\/\/svetaobitelj.hr\/index.php?rest_route=%2Fwp%2Fv2%2Fcomments&post=3274"}],"version-history":[{"count":1,"href":"https:\/\/svetaobitelj.hr\/index.php?rest_route=\/wp\/v2\/posts\/3274\/revisions"}],"predecessor-version":[{"id":3275,"href":"https:\/\/svetaobitelj.hr\/index.php?rest_route=\/wp\/v2\/posts\/3274\/revisions\/3275"}],"wp:attachment":[{"href":"https:\/\/svetaobitelj.hr\/index.php?rest_route=%2Fwp%2Fv2%2Fmedia&parent=3274"}],"wp:term":[{"taxonomy":"category","embeddable":true,"href":"https:\/\/svetaobitelj.hr\/index.php?rest_route=%2Fwp%2Fv2%2Fcategories&post=3274"},{"taxonomy":"post_tag","embeddable":true,"href":"https:\/\/svetaobitelj.hr\/index.php?rest_route=%2Fwp%2Fv2%2Ftags&post=3274"}],"curies":[{"name":"wp","href":"https:\/\/api.w.org\/{rel}","templated":true}]}}