{"id":327,"date":"2018-04-25T11:57:09","date_gmt":"2018-04-25T10:57:09","guid":{"rendered":"http:\/\/svetaobitelj.hr\/?p=327"},"modified":"2020-01-29T21:59:02","modified_gmt":"2020-01-29T20:59:02","slug":"framasi-u-metkovicu","status":"publish","type":"post","link":"https:\/\/svetaobitelj.hr\/?p=327","title":{"rendered":"Frama\u0161i u Metkovi\u0107u"},"content":{"rendered":"<p>X. Nacionalni susret Franjeva\u010dke mlade\u017ei pod geslom \u201eSlu\u017eite Gospodinu u veselju!\u201c (Ps 100, 2), odr\u017ean je od 20. do 22. travnja u Metkovi\u0107u na kojem je sudjelovalo i sedam frama\u0161a iz na\u0161e \u017eupe. Oko pet stotina frama\u0161a iz cijele Hrvatske okupilo se na sredi\u0161njoj proslavi 25. ro\u0111endana Frame u Hrvatskoj.<br \/>\nFrama\u0161i iz Osje\u010dkog podru\u010dnog bratstva krenuli su u petak u ranim jutarnjim satima prema Metkovi\u0107u. U poslijepodnevnim satima, susret je zapo\u010deo molitvom i pozdravnim govorima nakon \u010dega je uslijedilo pokorni\u010dko bogoslu\u017eje i pojedina\u010dna ispovijed u crkvi sv. Ilije te sveta misa. Tijekom ve\u010dernjeg programa predstavljena su podru\u010dna bratstva u obliku ske\u010deva, a dan je zavr\u0161io euharistijskim klanjanjem koje je predvodio fra Filip \u0110ur\u0111evi\u0107, nacionalni duhovni asistent Frame. U subotu je fra Mario Knezovi\u0107 odr\u017eao predavanje na temu \u201eSlu\u017eite Gospodinu u veselju\u201c. Potaknuo je frama\u0161e da iskora\u010de, da budu promjena, da budu originalni i razli\u010diti te da ne vjeruju u ono da su svi isti i da je ne\u0161to prihvatljivo ako \u201esvi to \u010dine\u201c. Rekao je da je bit ovog susreta da svatko upozna Isusa jer On ve\u0107 svakog poznaje i poziva. I na kraju, pozvao je mlade da ka\u017eu Isusu: \u201eIsuse, ra\u010dunaj na mene!\u201c. Nakon predavanja, odr\u017ean je rad po skupinama gdje su frama\u0161i me\u0111usobno raspravljali o temama koje su mogli \u010duti na predavanju. Poslijepodne, uslijedile su radionice kojima su teme bile razli\u010diti oblici slu\u017eenja kao \u0161to su znakovni jezik, prva pomo\u0107, liturgijsko \u010ditanje, svjedo\u010denje u gradu, sportska radionica i druge. Svetu misu predvodio je fra Josip Repe\u0161a koji je rekao kako se vjera ne treba temeljiti na strahu i interesu, ve\u0107 na ljubavi te da svatko treba i mo\u017ee svojoj ljubavlju odgovoriti na Bo\u017eju ljubav. Ve\u010dernji program sastojao se od nekoliko ske\u010deva koje su izveli mladi iz Hrvatskog Nadzemlja te same proslave ro\u0111endana Frame uz torte i pjesmu. Zadnjeg dana, u nedjelju, odr\u017ean je posljedni rad po grupama na kojem je napravljena evaluacija susreta te je nakon toga uslijedila sveta misa koju je predvodio provincijal Provincije Presvetog Otkupitelja fra Jo\u0161ko Kod\u017eoman u zajedni\u0161tvu s ostalim duhovnim asistentima. Nakon ru\u010dka i zavr\u0161nog programa, frama\u0161i su se uputili svojim ku\u0107ama. Radost, odu\u0161evljenje i zajedni\u0161tvo koje su ovdje do\u017eivjeli, sada treba nastaviti \u017eivjeti u svom svakodnevnom \u017eivotu.<\/p>\n<p><img loading=\"lazy\" decoding=\"async\" class=\"size-medium wp-image-328 alignleft\" src=\"http:\/\/svetaobitelj.hr\/wp-content\/uploads\/2018\/04\/frama2018susret-dan2-003-300x200.jpg\" alt=\"\" width=\"300\" height=\"200\" srcset=\"https:\/\/svetaobitelj.hr\/wp-content\/uploads\/2018\/04\/frama2018susret-dan2-003-300x200.jpg 300w, https:\/\/svetaobitelj.hr\/wp-content\/uploads\/2018\/04\/frama2018susret-dan2-003-768x512.jpg 768w, https:\/\/svetaobitelj.hr\/wp-content\/uploads\/2018\/04\/frama2018susret-dan2-003.jpg 900w\" sizes=\"auto, (max-width: 300px) 100vw, 300px\" \/><img loading=\"lazy\" decoding=\"async\" class=\"wp-image-329 alignright\" src=\"http:\/\/svetaobitelj.hr\/wp-content\/uploads\/2018\/04\/IMG-20180424-WA0042-300x225.jpg\" alt=\"\" width=\"308\" height=\"231\" srcset=\"https:\/\/svetaobitelj.hr\/wp-content\/uploads\/2018\/04\/IMG-20180424-WA0042-300x225.jpg 300w, https:\/\/svetaobitelj.hr\/wp-content\/uploads\/2018\/04\/IMG-20180424-WA0042-768x576.jpg 768w, https:\/\/svetaobitelj.hr\/wp-content\/uploads\/2018\/04\/IMG-20180424-WA0042-1024x768.jpg 1024w, https:\/\/svetaobitelj.hr\/wp-content\/uploads\/2018\/04\/IMG-20180424-WA0042.jpg 1296w\" sizes=\"auto, (max-width: 308px) 100vw, 308px\" \/><\/p>\n","protected":false},"excerpt":{"rendered":"<p>X. Nacionalni susret Franjeva\u010dke mlade\u017ei pod geslom \u201eSlu\u017eite Gospodinu u veselju!\u201c (Ps 100, 2), odr\u017ean je od 20. do 22. travnja u Metkovi\u0107u na kojem je sudjelovalo i sedam frama\u0161a iz na\u0161e \u017eupe. Oko pet stotina frama\u0161a iz cijele Hrvatske okupilo se na sredi\u0161njoj proslavi 25. ro\u0111endana Frame u Hrvatskoj. Frama\u0161i iz Osje\u010dkog podru\u010dnog bratstva <a href=\"https:\/\/svetaobitelj.hr\/?p=327\" class=\"more-link\">[&hellip;]<\/a><\/p>\n","protected":false},"author":2,"featured_media":0,"comment_status":"closed","ping_status":"closed","sticky":false,"template":"","format":"standard","meta":{"footnotes":""},"categories":[3],"tags":[],"class_list":["entry","author-","post-327","post","type-post","status-publish","format-standard","category-zupa"],"_links":{"self":[{"href":"https:\/\/svetaobitelj.hr\/index.php?rest_route=\/wp\/v2\/posts\/327","targetHints":{"allow":["GET"]}}],"collection":[{"href":"https:\/\/svetaobitelj.hr\/index.php?rest_route=\/wp\/v2\/posts"}],"about":[{"href":"https:\/\/svetaobitelj.hr\/index.php?rest_route=\/wp\/v2\/types\/post"}],"author":[{"embeddable":true,"href":"https:\/\/svetaobitelj.hr\/index.php?rest_route=\/wp\/v2\/users\/2"}],"replies":[{"embeddable":true,"href":"https:\/\/svetaobitelj.hr\/index.php?rest_route=%2Fwp%2Fv2%2Fcomments&post=327"}],"version-history":[{"count":1,"href":"https:\/\/svetaobitelj.hr\/index.php?rest_route=\/wp\/v2\/posts\/327\/revisions"}],"predecessor-version":[{"id":330,"href":"https:\/\/svetaobitelj.hr\/index.php?rest_route=\/wp\/v2\/posts\/327\/revisions\/330"}],"wp:attachment":[{"href":"https:\/\/svetaobitelj.hr\/index.php?rest_route=%2Fwp%2Fv2%2Fmedia&parent=327"}],"wp:term":[{"taxonomy":"category","embeddable":true,"href":"https:\/\/svetaobitelj.hr\/index.php?rest_route=%2Fwp%2Fv2%2Fcategories&post=327"},{"taxonomy":"post_tag","embeddable":true,"href":"https:\/\/svetaobitelj.hr\/index.php?rest_route=%2Fwp%2Fv2%2Ftags&post=327"}],"curies":[{"name":"wp","href":"https:\/\/api.w.org\/{rel}","templated":true}]}}