{"id":324,"date":"2018-04-21T08:37:16","date_gmt":"2018-04-21T07:37:16","guid":{"rendered":"http:\/\/svetaobitelj.hr\/?p=324"},"modified":"2020-01-29T21:59:02","modified_gmt":"2020-01-29T20:59:02","slug":"zupne-obavijesti-4","status":"publish","type":"post","link":"https:\/\/svetaobitelj.hr\/?p=324","title":{"rendered":"\u017dupne obavijesti: 4. vazmena nedjelja"},"content":{"rendered":"<p>4. VAZMENA NEDJELJA &#8211; DOBRI PASTIR<\/p>\n<p>22. travnja 2018.<\/p>\n<p>1.\tDanas slavimo \u010detvrtu vazmenu nedjelju koja je ujedno i Nedjelja Dobrog Pastira kada molimo za duhovna \u2013 redovni\u010dka i sve\u0107eni\u010dka zvanja. <\/p>\n<p>2.\tSutra je biblijski sat nakon ve\u010dernje svete mise.<\/p>\n<p>3.\tU utorak je pobo\u017enost na \u010dast sv. Antunu Padovanskom u 18:15 sati.<\/p>\n<p>4.\tU srijedu je nakon ve\u010dernje svete mise u na\u0161oj crkvi susret s djeliteljem Potvrde ovogodi\u0161njih krizmanika, a u Vikarijatu je, u organizaciji Instituta za novu evangelizaciju \u201eSv. Ivan Pavao II\u201c i Salesiane, tribina \u201eMu\u0161ko i \u017eensko. To\u010dka.\u201c, uz predstavljanje slikovnica \u201eBog ima svrhu za djevoj\u010dice i dje\u010dake\u201c i \u201eSvako tijelo ima ne\u0161to re\u0107i\u201c. Na tribini \u0107e sudjelovati teolog i komunikolog Ivica \u0160ola, odgojiteljica Klementina \u0160uljug i direktor Salesiane don Mihovil Kurkut, a po\u010detak je u 19:30 sati. <\/p>\n<p>5.\tU \u010detvrtak je nakon ve\u010dernje svete mise klanjanje pred Presvetim, a susret \u010dlanova udruge Sv. Vinko je nakon klanjanja. HKLD Podru\u017enica Osijek zajedno s Podru\u017enicom medicinskih biokemi\u010dara Slavonije i Baranje organizira predavanje Jelene Omazi\u0107, mag. med. biokemije na temu \u201e\u0160to se krije iza laboratorijskog nalaza \u2013 komunikacija s laboratorijem?\u201c Predavanje \u0107e biti u \u010detvrtak u Vikarijatu s po\u010detkom u 19:30 sati.<\/p>\n<p>6.\tU petak je u 9:00 i u 15:00 sati ispovijed ovogodi\u0161njih krizmanika.<\/p>\n<p>7.\tU subotu je u 11:00 sati sveta misa pod kojom \u0107e biti podijeljen sakrament svete Potvrde. Djelitelj je mons. Ivan \u010curi\u0107, generalni vikar na\u0161e Nadbiskupije.<\/p>\n<p>8.\tSljede\u0107e nedjelje slavimo petu vazmenu nedjelju. <\/p>\n<p>9.\t19. svibnja ove godine, s po\u010detkom u 9:30 sati, u Valpovu \u0107e biti XVIII. Nadbiskupijski susret osoba s invaliditetom i \u010dlanova njihovih obitelji.<\/p>\n<p>10.\tMolimo sve vas koji jo\u0161 nemate \u017eupnu knji\u017eicu ili je potrebno upisati promjene u postoje\u0107e, da se javite u \u017eupni ured. Mnogi tra\u017ee posvjedo\u010denja za kumovanje i sli\u010dne dokumente, govore da su iz na\u0161e \u017dupe, a nemamo nikakvih podataka o njima preko obiteljskih knji\u017eica ili da primaju blagoslov obitelji. Isto je tako i kod prijavljivanja za kr\u0161tenja, sprovode&#8230;<\/p>\n<p>11.\tTermini za svete mise popunjeni su misnim nakanama do kraja godine.<\/p>\n<p>12.\tKupujte i \u010ditajte vjerski tisak. Preporu\u010dujemo slu\u0161anje Hrvatskoga katoli\u010dkog radija i Radio Marije te da se uklju\u010dite u krug prijatelja istih.<\/p>\n","protected":false},"excerpt":{"rendered":"<p>4. VAZMENA NEDJELJA &#8211; DOBRI PASTIR 22. travnja 2018. 1. Danas slavimo \u010detvrtu vazmenu nedjelju koja je ujedno i Nedjelja Dobrog Pastira kada molimo za duhovna \u2013 redovni\u010dka i sve\u0107eni\u010dka zvanja. 2. Sutra je biblijski sat nakon ve\u010dernje svete mise. 3. U utorak je pobo\u017enost na \u010dast sv. Antunu Padovanskom u 18:15 sati. 4. U <a href=\"https:\/\/svetaobitelj.hr\/?p=324\" class=\"more-link\">[&hellip;]<\/a><\/p>\n","protected":false},"author":2,"featured_media":0,"comment_status":"closed","ping_status":"closed","sticky":false,"template":"","format":"standard","meta":{"footnotes":""},"categories":[3],"tags":[],"class_list":["entry","author-","post-324","post","type-post","status-publish","format-standard","category-zupa"],"_links":{"self":[{"href":"https:\/\/svetaobitelj.hr\/index.php?rest_route=\/wp\/v2\/posts\/324","targetHints":{"allow":["GET"]}}],"collection":[{"href":"https:\/\/svetaobitelj.hr\/index.php?rest_route=\/wp\/v2\/posts"}],"about":[{"href":"https:\/\/svetaobitelj.hr\/index.php?rest_route=\/wp\/v2\/types\/post"}],"author":[{"embeddable":true,"href":"https:\/\/svetaobitelj.hr\/index.php?rest_route=\/wp\/v2\/users\/2"}],"replies":[{"embeddable":true,"href":"https:\/\/svetaobitelj.hr\/index.php?rest_route=%2Fwp%2Fv2%2Fcomments&post=324"}],"version-history":[{"count":3,"href":"https:\/\/svetaobitelj.hr\/index.php?rest_route=\/wp\/v2\/posts\/324\/revisions"}],"predecessor-version":[{"id":365,"href":"https:\/\/svetaobitelj.hr\/index.php?rest_route=\/wp\/v2\/posts\/324\/revisions\/365"}],"wp:attachment":[{"href":"https:\/\/svetaobitelj.hr\/index.php?rest_route=%2Fwp%2Fv2%2Fmedia&parent=324"}],"wp:term":[{"taxonomy":"category","embeddable":true,"href":"https:\/\/svetaobitelj.hr\/index.php?rest_route=%2Fwp%2Fv2%2Fcategories&post=324"},{"taxonomy":"post_tag","embeddable":true,"href":"https:\/\/svetaobitelj.hr\/index.php?rest_route=%2Fwp%2Fv2%2Ftags&post=324"}],"curies":[{"name":"wp","href":"https:\/\/api.w.org\/{rel}","templated":true}]}}