{"id":3239,"date":"2024-04-23T22:27:55","date_gmt":"2024-04-23T21:27:55","guid":{"rendered":"http:\/\/svetaobitelj.hr\/?p=3239"},"modified":"2024-04-23T22:27:56","modified_gmt":"2024-04-23T21:27:56","slug":"akcija-uredenja-okolisa-crkve","status":"publish","type":"post","link":"https:\/\/svetaobitelj.hr\/?p=3239","title":{"rendered":"Akcija ure\u0111enja okoli\u0161a crkve"},"content":{"rendered":"\n<div class=\"wp-block-image\"><figure class=\"aligncenter size-large\"><img loading=\"lazy\" decoding=\"async\" width=\"1024\" height=\"1024\" src=\"http:\/\/svetaobitelj.hr\/wp-content\/uploads\/2024\/04\/20240423_224008-1024x1024.jpg\" alt=\"\" class=\"wp-image-3240\" srcset=\"https:\/\/svetaobitelj.hr\/wp-content\/uploads\/2024\/04\/20240423_224008-1024x1024.jpg 1024w, https:\/\/svetaobitelj.hr\/wp-content\/uploads\/2024\/04\/20240423_224008-300x300.jpg 300w, https:\/\/svetaobitelj.hr\/wp-content\/uploads\/2024\/04\/20240423_224008-150x150.jpg 150w, https:\/\/svetaobitelj.hr\/wp-content\/uploads\/2024\/04\/20240423_224008-768x768.jpg 768w, https:\/\/svetaobitelj.hr\/wp-content\/uploads\/2024\/04\/20240423_224008-1536x1536.jpg 1536w, https:\/\/svetaobitelj.hr\/wp-content\/uploads\/2024\/04\/20240423_224008.jpg 1600w\" sizes=\"auto, (max-width: 1024px) 100vw, 1024px\" \/><\/figure><\/div>\n\n\n\n<p>U subotu su vrijedni \u017eupljani na\u0161e \u017eupe organizirali akciju ure\u0111enja okoli\u0161a. <\/p>\n\n\n\n<figure class=\"wp-block-image size-large\"><img loading=\"lazy\" decoding=\"async\" width=\"1024\" height=\"1024\" src=\"http:\/\/svetaobitelj.hr\/wp-content\/uploads\/2024\/04\/20240423_224100-1024x1024.jpg\" alt=\"\" class=\"wp-image-3243\" srcset=\"https:\/\/svetaobitelj.hr\/wp-content\/uploads\/2024\/04\/20240423_224100-1024x1024.jpg 1024w, https:\/\/svetaobitelj.hr\/wp-content\/uploads\/2024\/04\/20240423_224100-300x300.jpg 300w, https:\/\/svetaobitelj.hr\/wp-content\/uploads\/2024\/04\/20240423_224100-150x150.jpg 150w, https:\/\/svetaobitelj.hr\/wp-content\/uploads\/2024\/04\/20240423_224100-768x768.jpg 768w, https:\/\/svetaobitelj.hr\/wp-content\/uploads\/2024\/04\/20240423_224100-1536x1536.jpg 1536w, https:\/\/svetaobitelj.hr\/wp-content\/uploads\/2024\/04\/20240423_224100.jpg 1600w\" sizes=\"auto, (max-width: 1024px) 100vw, 1024px\" \/><\/figure>\n\n\n\n<p>Posebno smo ponosni na vrijedne ruke na\u0161ih ministranata&#8230;<\/p>\n\n\n\n<div class=\"wp-block-image\"><figure class=\"aligncenter size-large\"><img loading=\"lazy\" decoding=\"async\" width=\"1024\" height=\"1024\" src=\"http:\/\/svetaobitelj.hr\/wp-content\/uploads\/2024\/04\/20240423_224027-1-1024x1024.jpg\" alt=\"\" class=\"wp-image-3245\" srcset=\"https:\/\/svetaobitelj.hr\/wp-content\/uploads\/2024\/04\/20240423_224027-1-1024x1024.jpg 1024w, https:\/\/svetaobitelj.hr\/wp-content\/uploads\/2024\/04\/20240423_224027-1-300x300.jpg 300w, https:\/\/svetaobitelj.hr\/wp-content\/uploads\/2024\/04\/20240423_224027-1-150x150.jpg 150w, https:\/\/svetaobitelj.hr\/wp-content\/uploads\/2024\/04\/20240423_224027-1-768x768.jpg 768w, https:\/\/svetaobitelj.hr\/wp-content\/uploads\/2024\/04\/20240423_224027-1-1536x1536.jpg 1536w, https:\/\/svetaobitelj.hr\/wp-content\/uploads\/2024\/04\/20240423_224027-1.jpg 1600w\" sizes=\"auto, (max-width: 1024px) 100vw, 1024px\" \/><\/figure><\/div>\n\n\n\n<p>Posla uvijek ima&#8230; malo se kosilo, malo se orezivalo grmove i ru\u017ee, malo se \u010distilo&#8230;<\/p>\n\n\n\n<div class=\"wp-block-image\"><figure class=\"aligncenter size-large\"><img loading=\"lazy\" decoding=\"async\" width=\"1024\" height=\"1024\" src=\"http:\/\/svetaobitelj.hr\/wp-content\/uploads\/2024\/04\/20240423_224046-2-1024x1024.jpg\" alt=\"\" class=\"wp-image-3247\" srcset=\"https:\/\/svetaobitelj.hr\/wp-content\/uploads\/2024\/04\/20240423_224046-2-1024x1024.jpg 1024w, https:\/\/svetaobitelj.hr\/wp-content\/uploads\/2024\/04\/20240423_224046-2-300x300.jpg 300w, https:\/\/svetaobitelj.hr\/wp-content\/uploads\/2024\/04\/20240423_224046-2-150x150.jpg 150w, https:\/\/svetaobitelj.hr\/wp-content\/uploads\/2024\/04\/20240423_224046-2-768x768.jpg 768w, https:\/\/svetaobitelj.hr\/wp-content\/uploads\/2024\/04\/20240423_224046-2-1536x1536.jpg 1536w, https:\/\/svetaobitelj.hr\/wp-content\/uploads\/2024\/04\/20240423_224046-2.jpg 1600w\" sizes=\"auto, (max-width: 1024px) 100vw, 1024px\" \/><\/figure><\/div>\n\n\n\n<p>Neki \u017eupljani do\u0161li su prvi put, ali kako ka\u017eu, toliko im je lijepo dru\u017eiti se i raditi da \u0107e opet do\u0107i&#8230;<\/p>\n\n\n\n<figure class=\"wp-block-image size-large\"><img loading=\"lazy\" decoding=\"async\" width=\"1024\" height=\"1024\" src=\"http:\/\/svetaobitelj.hr\/wp-content\/uploads\/2024\/04\/20240423_224115-1024x1024.jpg\" alt=\"\" class=\"wp-image-3248\" srcset=\"https:\/\/svetaobitelj.hr\/wp-content\/uploads\/2024\/04\/20240423_224115-1024x1024.jpg 1024w, https:\/\/svetaobitelj.hr\/wp-content\/uploads\/2024\/04\/20240423_224115-300x300.jpg 300w, https:\/\/svetaobitelj.hr\/wp-content\/uploads\/2024\/04\/20240423_224115-150x150.jpg 150w, https:\/\/svetaobitelj.hr\/wp-content\/uploads\/2024\/04\/20240423_224115-768x768.jpg 768w, https:\/\/svetaobitelj.hr\/wp-content\/uploads\/2024\/04\/20240423_224115-1536x1536.jpg 1536w, https:\/\/svetaobitelj.hr\/wp-content\/uploads\/2024\/04\/20240423_224115.jpg 1600w\" sizes=\"auto, (max-width: 1024px) 100vw, 1024px\" \/><\/figure>\n\n\n\n<p>Iskreno se zahvaljujemo svima koji su se odazvali pozivu i svojim radom pomogli u ovoj akciji! <\/p>\n\n\n\n<p>Nadamo se jo\u0161 ve\u0107em odazivu za naredne akcije&#8230;<\/p>\n\n\n\n<div class=\"wp-block-image\"><figure class=\"aligncenter size-large\"><img loading=\"lazy\" decoding=\"async\" width=\"768\" height=\"1024\" src=\"http:\/\/svetaobitelj.hr\/wp-content\/uploads\/2024\/04\/20240423_224127-768x1024.jpg\" alt=\"\" class=\"wp-image-3249\" srcset=\"https:\/\/svetaobitelj.hr\/wp-content\/uploads\/2024\/04\/20240423_224127-768x1024.jpg 768w, https:\/\/svetaobitelj.hr\/wp-content\/uploads\/2024\/04\/20240423_224127-225x300.jpg 225w, https:\/\/svetaobitelj.hr\/wp-content\/uploads\/2024\/04\/20240423_224127-1152x1536.jpg 1152w, https:\/\/svetaobitelj.hr\/wp-content\/uploads\/2024\/04\/20240423_224127.jpg 1200w\" sizes=\"auto, (max-width: 768px) 100vw, 768px\" \/><\/figure><\/div>\n\n\n\n<p>Malo razmisli, mo\u017eda ova motika ba\u0161 TEBE \u010deka?<\/p>\n","protected":false},"excerpt":{"rendered":"<p>U subotu su vrijedni \u017eupljani na\u0161e \u017eupe organizirali akciju ure\u0111enja okoli\u0161a. Posebno smo ponosni na vrijedne ruke na\u0161ih ministranata&#8230; Posla uvijek ima&#8230; malo se kosilo, malo se orezivalo grmove i ru\u017ee, malo se \u010distilo&#8230; Neki \u017eupljani do\u0161li su prvi put, ali kako ka\u017eu, toliko im je lijepo dru\u017eiti se i raditi da \u0107e opet do\u0107i&#8230; <a href=\"https:\/\/svetaobitelj.hr\/?p=3239\" class=\"more-link\">[&hellip;]<\/a><\/p>\n","protected":false},"author":2,"featured_media":0,"comment_status":"closed","ping_status":"open","sticky":false,"template":"","format":"standard","meta":{"footnotes":""},"categories":[3],"tags":[],"class_list":["entry","author-","post-3239","post","type-post","status-publish","format-standard","category-zupa"],"_links":{"self":[{"href":"https:\/\/svetaobitelj.hr\/index.php?rest_route=\/wp\/v2\/posts\/3239","targetHints":{"allow":["GET"]}}],"collection":[{"href":"https:\/\/svetaobitelj.hr\/index.php?rest_route=\/wp\/v2\/posts"}],"about":[{"href":"https:\/\/svetaobitelj.hr\/index.php?rest_route=\/wp\/v2\/types\/post"}],"author":[{"embeddable":true,"href":"https:\/\/svetaobitelj.hr\/index.php?rest_route=\/wp\/v2\/users\/2"}],"replies":[{"embeddable":true,"href":"https:\/\/svetaobitelj.hr\/index.php?rest_route=%2Fwp%2Fv2%2Fcomments&post=3239"}],"version-history":[{"count":1,"href":"https:\/\/svetaobitelj.hr\/index.php?rest_route=\/wp\/v2\/posts\/3239\/revisions"}],"predecessor-version":[{"id":3250,"href":"https:\/\/svetaobitelj.hr\/index.php?rest_route=\/wp\/v2\/posts\/3239\/revisions\/3250"}],"wp:attachment":[{"href":"https:\/\/svetaobitelj.hr\/index.php?rest_route=%2Fwp%2Fv2%2Fmedia&parent=3239"}],"wp:term":[{"taxonomy":"category","embeddable":true,"href":"https:\/\/svetaobitelj.hr\/index.php?rest_route=%2Fwp%2Fv2%2Fcategories&post=3239"},{"taxonomy":"post_tag","embeddable":true,"href":"https:\/\/svetaobitelj.hr\/index.php?rest_route=%2Fwp%2Fv2%2Ftags&post=3239"}],"curies":[{"name":"wp","href":"https:\/\/api.w.org\/{rel}","templated":true}]}}