{"id":322,"date":"2018-04-14T12:16:22","date_gmt":"2018-04-14T11:16:22","guid":{"rendered":"http:\/\/svetaobitelj.hr\/?p=322"},"modified":"2020-01-29T21:59:02","modified_gmt":"2020-01-29T20:59:02","slug":"zupne-obavijesti-3","status":"publish","type":"post","link":"https:\/\/svetaobitelj.hr\/?p=322","title":{"rendered":"\u017dupne obavijesti: 3. vazmena nedjelja"},"content":{"rendered":"<p>3. VAZMENA NEDJELJA <\/p>\n<p>15. travnja 2018.<\/p>\n<p>1.\tDanas slavimo tre\u0107u vazmenu nedjelju.<\/p>\n<p>2.\tSutra je pod ve\u010dernjom svetom misom obnova zavjeta bra\u0107e i sestara Franjeva\u010dkoga svjetovnog reda, a biblijski sat je nakon ve\u010dernje svete mise. U Vikarijatu je biblijska tribina koju vodi dr. sc. s. Silvana Fu\u017einato na temu \u201eTi vjeruje\u0161 u Sina \u010covje\u010djega? (Iv 9,35)\u201c s po\u010detkom u 19:30 sati.<\/p>\n<p>3.\tUtorkom je pobo\u017enost trinaest utoraka na \u010dast sv. Antunu Padovanskom u 18:15 sati. <\/p>\n<p>4.\tU srijedu je u Vikarijatu, s po\u010detkom u 18:00 sati, predavanje o Ba\u0161\u0107anskoj plo\u010di. Predava\u010dica je prof. dr. sc. Milica Luki\u0107 sa Filozofskog fakulteta u Osijeku. Nakon ve\u010dernje svete mise susret je \u010dlanova Vojske Bezgre\u0161ne i Sch\u00f6nstatske obitelji.<\/p>\n<p>5.\tU \u010detvrtak je nakon ve\u010dernje svete mise klanjanje pred Presvetim. <\/p>\n<p>6.\tSljede\u0107e nedjelje slavimo \u010detvrtu vazmenu nedjelju koja je ujedno i Nedjelja Dobrog Pastira kada molimo za duhovna \u2013 redovni\u010dka i sve\u0107eni\u010dka zvanja. <\/p>\n<p>7.\tMolimo sve vas koji jo\u0161 nemate \u017eupnu knji\u017eicu ili je potrebno upisati promjene u postoje\u0107e, da se javite u \u017eupni ured. Mnogi tra\u017ee posvjedo\u010denja za kumovanje i sli\u010dne dokumente, govore da su iz na\u0161e \u017dupe, a nemamo nikakvih podataka o njima preko obiteljskih knji\u017eica ili da primaju blagoslov obitelji. Isto je tako i kod prijavljivanja za kr\u0161tenja, sprovode&#8230; Osobito nam je \u017eao kada se sva\u0161ta govori o tome, kao i o op\u0107enito vjerskom \u017eivotu u \u017dupi, a da neki \u017eupljani (jer \u017eive na teritoriju \u017dupe pa su \u017eupljani) niti ne znaju kako izgleda unutra\u0161njost na\u0161e \u017eupne crkve ili gdje je \u017eupni ured.<\/p>\n<p>8.\tKupujte i \u010ditajte vjerski tisak. Preporu\u010dujemo slu\u0161anje Hrvatskoga katoli\u010dkog radija i Radio Marije te da se uklju\u010dite u krug prijatelja istih.<\/p>\n","protected":false},"excerpt":{"rendered":"<p>3. VAZMENA NEDJELJA 15. travnja 2018. 1. Danas slavimo tre\u0107u vazmenu nedjelju. 2. Sutra je pod ve\u010dernjom svetom misom obnova zavjeta bra\u0107e i sestara Franjeva\u010dkoga svjetovnog reda, a biblijski sat je nakon ve\u010dernje svete mise. U Vikarijatu je biblijska tribina koju vodi dr. sc. s. Silvana Fu\u017einato na temu \u201eTi vjeruje\u0161 u Sina \u010covje\u010djega? (Iv <a href=\"https:\/\/svetaobitelj.hr\/?p=322\" class=\"more-link\">[&hellip;]<\/a><\/p>\n","protected":false},"author":2,"featured_media":0,"comment_status":"closed","ping_status":"closed","sticky":false,"template":"","format":"standard","meta":{"footnotes":""},"categories":[3],"tags":[],"class_list":["entry","author-","post-322","post","type-post","status-publish","format-standard","category-zupa"],"_links":{"self":[{"href":"https:\/\/svetaobitelj.hr\/index.php?rest_route=\/wp\/v2\/posts\/322","targetHints":{"allow":["GET"]}}],"collection":[{"href":"https:\/\/svetaobitelj.hr\/index.php?rest_route=\/wp\/v2\/posts"}],"about":[{"href":"https:\/\/svetaobitelj.hr\/index.php?rest_route=\/wp\/v2\/types\/post"}],"author":[{"embeddable":true,"href":"https:\/\/svetaobitelj.hr\/index.php?rest_route=\/wp\/v2\/users\/2"}],"replies":[{"embeddable":true,"href":"https:\/\/svetaobitelj.hr\/index.php?rest_route=%2Fwp%2Fv2%2Fcomments&post=322"}],"version-history":[{"count":3,"href":"https:\/\/svetaobitelj.hr\/index.php?rest_route=\/wp\/v2\/posts\/322\/revisions"}],"predecessor-version":[{"id":366,"href":"https:\/\/svetaobitelj.hr\/index.php?rest_route=\/wp\/v2\/posts\/322\/revisions\/366"}],"wp:attachment":[{"href":"https:\/\/svetaobitelj.hr\/index.php?rest_route=%2Fwp%2Fv2%2Fmedia&parent=322"}],"wp:term":[{"taxonomy":"category","embeddable":true,"href":"https:\/\/svetaobitelj.hr\/index.php?rest_route=%2Fwp%2Fv2%2Fcategories&post=322"},{"taxonomy":"post_tag","embeddable":true,"href":"https:\/\/svetaobitelj.hr\/index.php?rest_route=%2Fwp%2Fv2%2Ftags&post=322"}],"curies":[{"name":"wp","href":"https:\/\/api.w.org\/{rel}","templated":true}]}}