{"id":3202,"date":"2024-03-31T14:55:22","date_gmt":"2024-03-31T13:55:22","guid":{"rendered":"http:\/\/svetaobitelj.hr\/?p=3202"},"modified":"2024-03-31T15:38:24","modified_gmt":"2024-03-31T14:38:24","slug":"vazmeno-trodnevlje-2","status":"publish","type":"post","link":"https:\/\/svetaobitelj.hr\/?p=3202","title":{"rendered":"Vazmeno trodnevlje"},"content":{"rendered":"\n<p><strong>VELIKI \u010cETVRTAK<\/strong><\/p>\n\n\n\n<div class=\"wp-block-image\"><figure class=\"aligncenter size-large\"><img loading=\"lazy\" decoding=\"async\" width=\"1024\" height=\"1024\" src=\"http:\/\/svetaobitelj.hr\/wp-content\/uploads\/2024\/03\/VC1-1024x1024.jpg\" alt=\"\" class=\"wp-image-3203\" srcset=\"https:\/\/svetaobitelj.hr\/wp-content\/uploads\/2024\/03\/VC1-1024x1024.jpg 1024w, https:\/\/svetaobitelj.hr\/wp-content\/uploads\/2024\/03\/VC1-300x300.jpg 300w, https:\/\/svetaobitelj.hr\/wp-content\/uploads\/2024\/03\/VC1-150x150.jpg 150w, https:\/\/svetaobitelj.hr\/wp-content\/uploads\/2024\/03\/VC1-768x768.jpg 768w, https:\/\/svetaobitelj.hr\/wp-content\/uploads\/2024\/03\/VC1-1536x1536.jpg 1536w, https:\/\/svetaobitelj.hr\/wp-content\/uploads\/2024\/03\/VC1.jpg 1600w\" sizes=\"auto, (max-width: 1024px) 100vw, 1024px\" \/><\/figure><\/div>\n\n\n\n<p>Na Veliki \u010detvrtak je Isus sa svojim u\u010denicima proslavio posljednji put \u017eidovski blagdan Pashe, te ustanovio svetu misu, po kojoj se kr\u0161\u0107ani osobito prepoznaju. Toga dana je on ostavio Crkvi i svijetu znak svoje prisutnosti u kruhu i vinu, predao tako Crkvi i \u010dovje\u010danstvu svoje ljudsko tijelo i svoju krv, kao polog i garanciju pobjede nad patnjom, smr\u0107u i krivicom, te nad zlom i katastrofama. Izrekao je najhumanije rije\u010di apostolima i svijetu, \u010dudesno molio za nas i obe\u0107ao svog Duha protiv duha zlo\u0107e, nehumanosti i razaranja. Isto tako, toga dana je bio izdan, uhi\u0107en i cijelu no\u0107 sudski ispitivan. Mrak \u010dovjekove du\u0161e pokazao se najgu\u0161\u0107im, \u010dovjek je nepovratno pao u bezdan zavisti i mr\u017enje na Boga. U dvorani posljednje ve\u010dere Isus je oprao u\u010denicima noge. Prati noge znak je gostoprimstva. Isus dakle \u017eeli re\u0107i da kroz njegovu smrt, u koju sada odlazi, i kroz skoro uskrsnu\u0107e, on otvara svoje nebeske dvorane, u koje nas poziva kao svoje uzvanike. Sveta misa je predokus i nada da smo djeca Bo\u017eja i ba\u0161tinici neba.<\/p>\n\n\n\n<div class=\"wp-block-image\"><figure class=\"aligncenter size-large\"><img loading=\"lazy\" decoding=\"async\" width=\"1024\" height=\"1024\" src=\"http:\/\/svetaobitelj.hr\/wp-content\/uploads\/2024\/03\/VC2-1024x1024.jpg\" alt=\"\" class=\"wp-image-3204\" srcset=\"https:\/\/svetaobitelj.hr\/wp-content\/uploads\/2024\/03\/VC2-1024x1024.jpg 1024w, https:\/\/svetaobitelj.hr\/wp-content\/uploads\/2024\/03\/VC2-300x300.jpg 300w, https:\/\/svetaobitelj.hr\/wp-content\/uploads\/2024\/03\/VC2-150x150.jpg 150w, https:\/\/svetaobitelj.hr\/wp-content\/uploads\/2024\/03\/VC2-768x768.jpg 768w, https:\/\/svetaobitelj.hr\/wp-content\/uploads\/2024\/03\/VC2-1536x1536.jpg 1536w, https:\/\/svetaobitelj.hr\/wp-content\/uploads\/2024\/03\/VC2.jpg 1600w\" sizes=\"auto, (max-width: 1024px) 100vw, 1024px\" \/><\/figure><\/div>\n\n\n\n<p>Misno slavlje predvodio je na\u0161 \u017eupnik koji je pod misom oprao noge dvanaestorici na\u0161ih \u017eupljana prisje\u0107aju\u0107i se Isusova pranja noga apostolima.<\/p>\n\n\n\n<div class=\"wp-block-image\"><figure class=\"aligncenter size-large\"><img loading=\"lazy\" decoding=\"async\" width=\"1024\" height=\"1024\" src=\"http:\/\/svetaobitelj.hr\/wp-content\/uploads\/2024\/03\/VC3-1024x1024.jpg\" alt=\"\" class=\"wp-image-3205\" srcset=\"https:\/\/svetaobitelj.hr\/wp-content\/uploads\/2024\/03\/VC3-1024x1024.jpg 1024w, https:\/\/svetaobitelj.hr\/wp-content\/uploads\/2024\/03\/VC3-300x300.jpg 300w, https:\/\/svetaobitelj.hr\/wp-content\/uploads\/2024\/03\/VC3-150x150.jpg 150w, https:\/\/svetaobitelj.hr\/wp-content\/uploads\/2024\/03\/VC3-768x768.jpg 768w, https:\/\/svetaobitelj.hr\/wp-content\/uploads\/2024\/03\/VC3-1536x1536.jpg 1536w, https:\/\/svetaobitelj.hr\/wp-content\/uploads\/2024\/03\/VC3.jpg 1600w\" sizes=\"auto, (max-width: 1024px) 100vw, 1024px\" \/><\/figure><\/div>\n\n\n\n<p>Nakon mise uslijedila je Getsemanska ura klanjanja kada smo se u ti\u0161ini i osobnom razmatranju imali priliku pokloniti pred presvetim i prisjetiti se kako je Isus molio u Getsemaniju i njegov je znoj bio kao kaplje krvi \u0161to su tekle na zemlju. Isus prinosi svome nebeskom Ocu svoju vlastitu krv, prolivenu pod te\u017einom na\u0161ih grijeha, da ispa\u0161ta i zadovolji za te grijehe. Ljubav Isusova nadvisuje i prelazi svake ljudsko poimanje, izgleda nam nevjerojatna ili bolje re\u010deno, ta ljubav nam je vjerojatna ukoliko je to ljubav samoga Boga, ali da ta ljubav ide u toliku krajnost, to je te\u0161ko vjerovati. Te\u017eina ljudskih grijeha satrla je Srce Isusovo, kao neka pre\u0161a, koja je istisla krv iz njegovog svetog tijela. Ali On se ne tu\u017ei na ljude. On sakuplja tu krv kao u kale\u017e i prikazuje ju svome Ocu kao zadovolj\u0161tinu za na\u0161e grijehe.<\/p>\n\n\n\n<div class=\"wp-block-image\"><figure class=\"aligncenter size-large\"><img loading=\"lazy\" decoding=\"async\" width=\"1024\" height=\"1024\" src=\"http:\/\/svetaobitelj.hr\/wp-content\/uploads\/2024\/03\/VC4-1024x1024.jpg\" alt=\"\" class=\"wp-image-3206\" srcset=\"https:\/\/svetaobitelj.hr\/wp-content\/uploads\/2024\/03\/VC4-1024x1024.jpg 1024w, https:\/\/svetaobitelj.hr\/wp-content\/uploads\/2024\/03\/VC4-300x300.jpg 300w, https:\/\/svetaobitelj.hr\/wp-content\/uploads\/2024\/03\/VC4-150x150.jpg 150w, https:\/\/svetaobitelj.hr\/wp-content\/uploads\/2024\/03\/VC4-768x768.jpg 768w, https:\/\/svetaobitelj.hr\/wp-content\/uploads\/2024\/03\/VC4-1536x1536.jpg 1536w, https:\/\/svetaobitelj.hr\/wp-content\/uploads\/2024\/03\/VC4.jpg 1600w\" sizes=\"auto, (max-width: 1024px) 100vw, 1024px\" \/><\/figure><\/div>\n\n\n\n<p>Ovoga dana ulazimo u duboku ti\u0161inu, dane molitve i promi\u0161ljanja o tome kako je Isus podnio nezamislivu patnju i bol za otkupljenje grijeha i spas svakog \u010dovjeka, jer samo u miru mo\u017ee se \u010duti i dogoditi ono veliko \u0161to je donio Isus iz Nazareta.<\/p>\n\n\n\n<div class=\"wp-block-image\"><figure class=\"aligncenter size-large\"><img loading=\"lazy\" decoding=\"async\" width=\"1024\" height=\"1024\" src=\"http:\/\/svetaobitelj.hr\/wp-content\/uploads\/2024\/03\/VC5-1024x1024.jpg\" alt=\"\" class=\"wp-image-3207\" srcset=\"https:\/\/svetaobitelj.hr\/wp-content\/uploads\/2024\/03\/VC5-1024x1024.jpg 1024w, https:\/\/svetaobitelj.hr\/wp-content\/uploads\/2024\/03\/VC5-300x300.jpg 300w, https:\/\/svetaobitelj.hr\/wp-content\/uploads\/2024\/03\/VC5-150x150.jpg 150w, https:\/\/svetaobitelj.hr\/wp-content\/uploads\/2024\/03\/VC5-768x768.jpg 768w, https:\/\/svetaobitelj.hr\/wp-content\/uploads\/2024\/03\/VC5-1536x1536.jpg 1536w, https:\/\/svetaobitelj.hr\/wp-content\/uploads\/2024\/03\/VC5.jpg 1600w\" sizes=\"auto, (max-width: 1024px) 100vw, 1024px\" \/><\/figure><\/div>\n\n\n\n<p><strong>VELIKI PETAK<\/strong><\/p>\n\n\n\n<p>Na&nbsp;Veliki petak&nbsp;sje\u0107amo se&nbsp;Isusove muke i smrti.&nbsp;Na dana\u0161nji dan nema euharistijskoga slavlja. Ne zvone crkvena zvona, oltar je bez kri\u017ea, oltarnika, svije\u0107a ili cvije\u0107a kako bi se \u0161to bolje istaknula Isusova muka i smrt. Vjernici dolaze u crkvu kako bi razmi\u0161ljali o Isusovoj \u017ertvi, a preko obreda do\u017eivjet \u0107e&nbsp;liturgiju rije\u010di,&nbsp;klanjanje kri\u017eu&nbsp;i&nbsp;pri\u010dest. Sveta misa je zapo\u010dela prostracijom \u017eupnika i kle\u010danjem u \u0161utnji. Nakon toga su slijedila \u010ditanja \u010diji je vrhunac svake godine Muka po Ivanu. Uslijedilo je&nbsp;klanjanje Kri\u017eu, a za to vrijeme su pjevane tu\u017ealjke. Zadnji dio obreda Velikoga petka je<strong>&nbsp;<\/strong>pri\u010dest koja je na Veliki \u010detvrtak pohranjena u donjoj crkvi. Obredi su zavr\u0161ili otpusnom molitvom te su se nakon toga vjernici razila\u0161li u \u0161utnji.<\/p>\n\n\n\n<div class=\"wp-block-image\"><figure class=\"aligncenter size-large\"><img loading=\"lazy\" decoding=\"async\" width=\"1024\" height=\"1024\" src=\"http:\/\/svetaobitelj.hr\/wp-content\/uploads\/2024\/03\/VP1-1024x1024.jpg\" alt=\"\" class=\"wp-image-3208\" srcset=\"https:\/\/svetaobitelj.hr\/wp-content\/uploads\/2024\/03\/VP1-1024x1024.jpg 1024w, https:\/\/svetaobitelj.hr\/wp-content\/uploads\/2024\/03\/VP1-300x300.jpg 300w, https:\/\/svetaobitelj.hr\/wp-content\/uploads\/2024\/03\/VP1-150x150.jpg 150w, https:\/\/svetaobitelj.hr\/wp-content\/uploads\/2024\/03\/VP1-768x768.jpg 768w, https:\/\/svetaobitelj.hr\/wp-content\/uploads\/2024\/03\/VP1-1536x1536.jpg 1536w, https:\/\/svetaobitelj.hr\/wp-content\/uploads\/2024\/03\/VP1.jpg 1600w\" sizes=\"auto, (max-width: 1024px) 100vw, 1024px\" \/><\/figure><\/div>\n\n\n\n<p>Petak je, Isus se moli, Petar spava, Juda izdaje, ali Nedjelja dolazi.  <\/p>\n\n\n\n<p>Petak je. Pilat se mu\u010di, vije\u0107e kuje zavjeru, svjetina poni\u017eava. Oni ne znaju da Nedjelja dolazi.<\/p>\n\n\n\n<p>Petak je. U\u010denici bje\u017ee kao ovce bez pastira. Marija pla\u010de. Petar nije\u010de. Ali oni ne znaju, da Nedjelja dolazi.<\/p>\n\n\n\n<p>Petak je. Rimljani udaraju mog Isusa, odijevaju ga grimiznim pla\u0161tem, krune ga trnjem. Ali, oni ne znaju da Nedjelja dolazi.<\/p>\n\n\n\n<p>Petak je. Gledam Isusa kako ide prema Kalvariji, njegova krv se prolijeva, Isus se spoti\u010de i pada, i njegov duh je pod bremenom. Ali vidite, to je tek petak, a Nedjelja dolazi.<\/p>\n\n\n\n<p>Petak je, svijet pobje\u0111uje, ljudi se vesele i zlo se cereka.<\/p>\n\n\n\n<p>Petak je, vojnici pribijaju ruke moga Spasitelja na kri\u017e i podi\u017eu ga do zlo\u010dinaca.<\/p>\n\n\n\n<p>Petak je, ali dopustite mi da vam ne\u0161to ka\u017eem, a to je da Nedjelja dolazi.<\/p>\n\n\n\n<p>Petak je. U\u010denici se pitaju \u0161to se to dogodilo njihovom Kralju. Farizeji likuju jer je njihov plan uspio. Ali oni ne znaju, to je tek petak, a Nedjelja dolazi.<\/p>\n\n\n\n<p>Petak je. On visi na kri\u017eu i osje\u0107a se napu\u0161ten od svoga Oca, ostavljenim u smrtnoj borbi. Zar ga nitko ne mo\u017ee spasiti?<\/p>\n\n\n\n<p>Petak je, ali Nedjelja dolazi.<\/p>\n\n\n\n<p>Petak je. Zemlja se trese, nebo je potamnilo, moj Kralj ispu\u0161ta svoj duh.<\/p>\n\n\n\n<p>Petak je, nada je izgubljena, smrt je pobijedila, grijeh je sve osvojio i \u0110avao se samo smije.<\/p>\n\n\n\n<p>Petak je. Isus je pokopan, vojnici stra\u017eare kraj groba i stijena je navaljena na ulaz. Ali, to je tek petak, a Nedjelja dolazi!<\/p>\n\n\n\n<div class=\"wp-block-image\"><figure class=\"aligncenter size-large\"><img loading=\"lazy\" decoding=\"async\" width=\"1024\" height=\"1024\" src=\"http:\/\/svetaobitelj.hr\/wp-content\/uploads\/2024\/03\/VP2-1024x1024.jpg\" alt=\"\" class=\"wp-image-3209\" srcset=\"https:\/\/svetaobitelj.hr\/wp-content\/uploads\/2024\/03\/VP2-1024x1024.jpg 1024w, https:\/\/svetaobitelj.hr\/wp-content\/uploads\/2024\/03\/VP2-300x300.jpg 300w, https:\/\/svetaobitelj.hr\/wp-content\/uploads\/2024\/03\/VP2-150x150.jpg 150w, https:\/\/svetaobitelj.hr\/wp-content\/uploads\/2024\/03\/VP2-768x768.jpg 768w, https:\/\/svetaobitelj.hr\/wp-content\/uploads\/2024\/03\/VP2-1536x1536.jpg 1536w, https:\/\/svetaobitelj.hr\/wp-content\/uploads\/2024\/03\/VP2.jpg 1600w\" sizes=\"auto, (max-width: 1024px) 100vw, 1024px\" \/><\/figure><\/div>\n\n\n\n<p><strong>VELIKA SUBOTA<\/strong><\/p>\n\n\n\n<figure class=\"wp-block-image size-large\"><img loading=\"lazy\" decoding=\"async\" width=\"1024\" height=\"1024\" src=\"http:\/\/svetaobitelj.hr\/wp-content\/uploads\/2024\/03\/VS1-1024x1024.jpg\" alt=\"\" class=\"wp-image-3210\" srcset=\"https:\/\/svetaobitelj.hr\/wp-content\/uploads\/2024\/03\/VS1-1024x1024.jpg 1024w, https:\/\/svetaobitelj.hr\/wp-content\/uploads\/2024\/03\/VS1-300x300.jpg 300w, https:\/\/svetaobitelj.hr\/wp-content\/uploads\/2024\/03\/VS1-150x150.jpg 150w, https:\/\/svetaobitelj.hr\/wp-content\/uploads\/2024\/03\/VS1-768x768.jpg 768w, https:\/\/svetaobitelj.hr\/wp-content\/uploads\/2024\/03\/VS1-1536x1536.jpg 1536w, https:\/\/svetaobitelj.hr\/wp-content\/uploads\/2024\/03\/VS1.jpg 1600w\" sizes=\"auto, (max-width: 1024px) 100vw, 1024px\" \/><\/figure>\n\n\n\n<p>Velika je ti\u0161ina danas na zemlji jer moj Kralj spava&#8230;<\/p>\n\n\n\n<div class=\"wp-block-image\"><figure class=\"aligncenter size-large\"><img loading=\"lazy\" decoding=\"async\" width=\"1024\" height=\"1024\" src=\"http:\/\/svetaobitelj.hr\/wp-content\/uploads\/2024\/03\/VS2-1024x1024.jpg\" alt=\"\" class=\"wp-image-3212\" srcset=\"https:\/\/svetaobitelj.hr\/wp-content\/uploads\/2024\/03\/VS2-1024x1024.jpg 1024w, https:\/\/svetaobitelj.hr\/wp-content\/uploads\/2024\/03\/VS2-300x300.jpg 300w, https:\/\/svetaobitelj.hr\/wp-content\/uploads\/2024\/03\/VS2-150x150.jpg 150w, https:\/\/svetaobitelj.hr\/wp-content\/uploads\/2024\/03\/VS2-768x768.jpg 768w, https:\/\/svetaobitelj.hr\/wp-content\/uploads\/2024\/03\/VS2-1536x1536.jpg 1536w, https:\/\/svetaobitelj.hr\/wp-content\/uploads\/2024\/03\/VS2.jpg 1600w\" sizes=\"auto, (max-width: 1024px) 100vw, 1024px\" \/><\/figure><\/div>\n\n\n\n<p>U subotu nave\u010der slavi se Vazmeno bdjenje. Crkva je u i\u0161\u010dekivanju Isusova uskrsnu\u0107a. Bdjenje se slavi &nbsp;u ve\u010dernjim satima, kako bi se uskrsna svije\u0107a, s trostrukim usklikom &#8221;Svjetlo Kristovo&#8221;, mogla unijeti u crkvu u trenutku kad je u crkvi potpuni mrak, kako bi plamen uskrsne svije\u0107e rasvijetlio mra\u010dne sile i unio svjetlo u dana\u0161nji svijet. To svjetlo simbolizira uskrslog Krista koji je za nas mu\u010den, pokopan i uskrsnuo. Zato se \u010din bdjenja zapo\u010dinje na Veliku subotu, kad padne no\u0107, a mora zavr\u0161iti prije zore. Slu\u017eba svjetla zapo\u010dela je blagoslovom vatre ispred crkve na kojoj je zapaljena uskrsna svije\u0107a. U uskrsnu svije\u0107u \u017eupnik je je ucrtao kri\u017e te &#8221;Alfu&#8221; i &#8221;Omegu&#8221;, prvo i posljednje slovo gr\u010dkog alfabeta, jer uskrsli Krist jest po\u010detak i kraj svega stvorenoga.<\/p>\n\n\n\n<div class=\"wp-block-image\"><figure class=\"aligncenter size-large\"><img loading=\"lazy\" decoding=\"async\" width=\"1024\" height=\"1024\" src=\"http:\/\/svetaobitelj.hr\/wp-content\/uploads\/2024\/03\/VS3-1024x1024.jpg\" alt=\"\" class=\"wp-image-3213\" srcset=\"https:\/\/svetaobitelj.hr\/wp-content\/uploads\/2024\/03\/VS3-1024x1024.jpg 1024w, https:\/\/svetaobitelj.hr\/wp-content\/uploads\/2024\/03\/VS3-300x300.jpg 300w, https:\/\/svetaobitelj.hr\/wp-content\/uploads\/2024\/03\/VS3-150x150.jpg 150w, https:\/\/svetaobitelj.hr\/wp-content\/uploads\/2024\/03\/VS3-768x768.jpg 768w, https:\/\/svetaobitelj.hr\/wp-content\/uploads\/2024\/03\/VS3-1536x1536.jpg 1536w, https:\/\/svetaobitelj.hr\/wp-content\/uploads\/2024\/03\/VS3.jpg 1600w\" sizes=\"auto, (max-width: 1024px) 100vw, 1024px\" \/><\/figure><\/div>\n\n\n\n<p>Nakon \u0161to je svjetlo pro\u0161ireno crkvom, uslijedila je slu\u017eba rije\u010di, blagoslov vode, te obnova krsnih zavjeta.<\/p>\n\n\n\n<div class=\"wp-block-image\"><figure class=\"aligncenter size-large\"><img loading=\"lazy\" decoding=\"async\" width=\"1024\" height=\"1024\" src=\"http:\/\/svetaobitelj.hr\/wp-content\/uploads\/2024\/03\/VS4-1024x1024.jpg\" alt=\"\" class=\"wp-image-3214\" srcset=\"https:\/\/svetaobitelj.hr\/wp-content\/uploads\/2024\/03\/VS4-1024x1024.jpg 1024w, https:\/\/svetaobitelj.hr\/wp-content\/uploads\/2024\/03\/VS4-300x300.jpg 300w, https:\/\/svetaobitelj.hr\/wp-content\/uploads\/2024\/03\/VS4-150x150.jpg 150w, https:\/\/svetaobitelj.hr\/wp-content\/uploads\/2024\/03\/VS4-768x768.jpg 768w, https:\/\/svetaobitelj.hr\/wp-content\/uploads\/2024\/03\/VS4-1536x1536.jpg 1536w, https:\/\/svetaobitelj.hr\/wp-content\/uploads\/2024\/03\/VS4.jpg 1600w\" sizes=\"auto, (max-width: 1024px) 100vw, 1024px\" \/><\/figure><\/div>\n\n\n\n<p>Euharistijska slu\u017eba u Vazmenom bdjenju vrhunac je Kristove prisutnosti u ovoj no\u0107i.<\/p>\n\n\n\n<figure class=\"wp-block-image size-large\"><img loading=\"lazy\" decoding=\"async\" width=\"1024\" height=\"1024\" src=\"http:\/\/svetaobitelj.hr\/wp-content\/uploads\/2024\/03\/VS5-1024x1024.jpg\" alt=\"\" class=\"wp-image-3215\" srcset=\"https:\/\/svetaobitelj.hr\/wp-content\/uploads\/2024\/03\/VS5-1024x1024.jpg 1024w, https:\/\/svetaobitelj.hr\/wp-content\/uploads\/2024\/03\/VS5-300x300.jpg 300w, https:\/\/svetaobitelj.hr\/wp-content\/uploads\/2024\/03\/VS5-150x150.jpg 150w, https:\/\/svetaobitelj.hr\/wp-content\/uploads\/2024\/03\/VS5-768x768.jpg 768w, https:\/\/svetaobitelj.hr\/wp-content\/uploads\/2024\/03\/VS5-1536x1536.jpg 1536w, https:\/\/svetaobitelj.hr\/wp-content\/uploads\/2024\/03\/VS5.jpg 1600w\" sizes=\"auto, (max-width: 1024px) 100vw, 1024px\" \/><\/figure>\n\n\n\n<p>Bo\u017ee, dao si da ova presveta no\u0107 sjaji slavom Gospodnjeg uskrsnu\u0107a; probudi u svojoj Crkvi onaj Duh posvojenja kojega smo dobili u kr\u0161tenju, da obnovljeni duhom i tijelom tebe mo\u017eemo slaviti u iskrenosti i vjernosti.<\/p>\n","protected":false},"excerpt":{"rendered":"<p>VELIKI \u010cETVRTAK Na Veliki \u010detvrtak je Isus sa svojim u\u010denicima proslavio posljednji put \u017eidovski blagdan Pashe, te ustanovio svetu misu, po kojoj se kr\u0161\u0107ani osobito prepoznaju. Toga dana je on ostavio Crkvi i svijetu znak svoje prisutnosti u kruhu i vinu, predao tako Crkvi i \u010dovje\u010danstvu svoje ljudsko tijelo i svoju krv, kao polog i <a href=\"https:\/\/svetaobitelj.hr\/?p=3202\" class=\"more-link\">[&hellip;]<\/a><\/p>\n","protected":false},"author":2,"featured_media":0,"comment_status":"closed","ping_status":"open","sticky":false,"template":"","format":"standard","meta":{"footnotes":""},"categories":[3],"tags":[],"class_list":["entry","author-","post-3202","post","type-post","status-publish","format-standard","category-zupa"],"_links":{"self":[{"href":"https:\/\/svetaobitelj.hr\/index.php?rest_route=\/wp\/v2\/posts\/3202","targetHints":{"allow":["GET"]}}],"collection":[{"href":"https:\/\/svetaobitelj.hr\/index.php?rest_route=\/wp\/v2\/posts"}],"about":[{"href":"https:\/\/svetaobitelj.hr\/index.php?rest_route=\/wp\/v2\/types\/post"}],"author":[{"embeddable":true,"href":"https:\/\/svetaobitelj.hr\/index.php?rest_route=\/wp\/v2\/users\/2"}],"replies":[{"embeddable":true,"href":"https:\/\/svetaobitelj.hr\/index.php?rest_route=%2Fwp%2Fv2%2Fcomments&post=3202"}],"version-history":[{"count":2,"href":"https:\/\/svetaobitelj.hr\/index.php?rest_route=\/wp\/v2\/posts\/3202\/revisions"}],"predecessor-version":[{"id":3225,"href":"https:\/\/svetaobitelj.hr\/index.php?rest_route=\/wp\/v2\/posts\/3202\/revisions\/3225"}],"wp:attachment":[{"href":"https:\/\/svetaobitelj.hr\/index.php?rest_route=%2Fwp%2Fv2%2Fmedia&parent=3202"}],"wp:term":[{"taxonomy":"category","embeddable":true,"href":"https:\/\/svetaobitelj.hr\/index.php?rest_route=%2Fwp%2Fv2%2Fcategories&post=3202"},{"taxonomy":"post_tag","embeddable":true,"href":"https:\/\/svetaobitelj.hr\/index.php?rest_route=%2Fwp%2Fv2%2Ftags&post=3202"}],"curies":[{"name":"wp","href":"https:\/\/api.w.org\/{rel}","templated":true}]}}