{"id":319,"date":"2018-04-07T12:03:21","date_gmt":"2018-04-07T11:03:21","guid":{"rendered":"http:\/\/svetaobitelj.hr\/?p=319"},"modified":"2020-01-29T21:59:02","modified_gmt":"2020-01-29T20:59:02","slug":"zupne-obavijesti-2","status":"publish","type":"post","link":"https:\/\/svetaobitelj.hr\/?p=319","title":{"rendered":"\u017dupne obavijesti: 2. vazmena nedjelja"},"content":{"rendered":"<p>2. VAZMENA NEDJELJA <\/p>\n<p>8. travnja 2018.<\/p>\n<p>1.\tDanas slavimo drugu vazmenu nedjelju. Nakon svetih misa sakupljamo nov\u010dane priloge za obnovu Ku\u0107e susreta Tabor u Samoboru. Redoviti mjese\u010dni susret Mjesnoga bratstva  OFS-a je u 16:30 sati.<\/p>\n<p>2.\tSutra liturgijski slavimo Blagovijest &#8211; Navje\u0161tenje Gospodinovo budu\u0107i da je 25. o\u017eujka ove godine bila Cvjetnica. Svete mise su u 7:30 i 18:30 sati. U 18:15 je pobo\u017enost na \u010dast bl. Mariji od Propetoga Petkovi\u0107, a biblijski sat je nakon ve\u010dernje svete mise. U Vikarijatu je Biblijsko-molitvena ve\u010der u 19:30 sati koju vodi vl\u010d. Kre\u0161imir Bulat.<\/p>\n<p>3.\tUtorkom je pobo\u017enost trinaest utoraka na \u010dast sv. Antunu Padovanskom u 18:15 sati. <\/p>\n<p>4.\tU \u010detvrtak je nakon ve\u010dernje svete mise klanjanje pred Presvetim. U Vikarijatu je u 19:30 sati socijalna tribina koju vodi mr. sc. Igor Jakobfi.<\/p>\n<p>5.\tSljede\u0107e nedjelje slavimo tre\u0107u vazmenu nedjelju. <\/p>\n<p>6.\tMolimo sve vas koji jo\u0161 nemate \u017eupnu knji\u017eicu ili je potrebno upisati promjene u postoje\u0107e, da se javite u \u017eupni ured. Mnogi tra\u017ee posvjedo\u010denja za kumovanje i sli\u010dne dokumente, govore da su iz na\u0161e \u017dupe, a nemamo nikakvih podataka o njima preko obiteljskih knji\u017eica ili da primaju blagoslov obitelji. Isto je tako i kod prijavljivanja za sprovode. Osobito nam je \u017eao kada se sva\u0161ta govori o tome, kao i o op\u0107enito vjerskom \u017eivotu u \u017dupi, a da neki \u017eupljani (jer \u017eive na teritoriju \u017dupe pa su \u017eupljani) niti ne znaju kako izgleda unutra\u0161njost na\u0161e \u017eupne crkve ili gdje je \u017eupni ured.<\/p>\n<p>7.\tKupujte i \u010ditajte vjerski tisak.<\/p>\n","protected":false},"excerpt":{"rendered":"<p>2. VAZMENA NEDJELJA 8. travnja 2018. 1. Danas slavimo drugu vazmenu nedjelju. Nakon svetih misa sakupljamo nov\u010dane priloge za obnovu Ku\u0107e susreta Tabor u Samoboru. Redoviti mjese\u010dni susret Mjesnoga bratstva OFS-a je u 16:30 sati. 2. Sutra liturgijski slavimo Blagovijest &#8211; Navje\u0161tenje Gospodinovo budu\u0107i da je 25. o\u017eujka ove godine bila Cvjetnica. Svete mise su <a href=\"https:\/\/svetaobitelj.hr\/?p=319\" class=\"more-link\">[&hellip;]<\/a><\/p>\n","protected":false},"author":2,"featured_media":0,"comment_status":"closed","ping_status":"closed","sticky":false,"template":"","format":"standard","meta":{"footnotes":""},"categories":[3],"tags":[],"class_list":["entry","author-","post-319","post","type-post","status-publish","format-standard","category-zupa"],"_links":{"self":[{"href":"https:\/\/svetaobitelj.hr\/index.php?rest_route=\/wp\/v2\/posts\/319","targetHints":{"allow":["GET"]}}],"collection":[{"href":"https:\/\/svetaobitelj.hr\/index.php?rest_route=\/wp\/v2\/posts"}],"about":[{"href":"https:\/\/svetaobitelj.hr\/index.php?rest_route=\/wp\/v2\/types\/post"}],"author":[{"embeddable":true,"href":"https:\/\/svetaobitelj.hr\/index.php?rest_route=\/wp\/v2\/users\/2"}],"replies":[{"embeddable":true,"href":"https:\/\/svetaobitelj.hr\/index.php?rest_route=%2Fwp%2Fv2%2Fcomments&post=319"}],"version-history":[{"count":3,"href":"https:\/\/svetaobitelj.hr\/index.php?rest_route=\/wp\/v2\/posts\/319\/revisions"}],"predecessor-version":[{"id":367,"href":"https:\/\/svetaobitelj.hr\/index.php?rest_route=\/wp\/v2\/posts\/319\/revisions\/367"}],"wp:attachment":[{"href":"https:\/\/svetaobitelj.hr\/index.php?rest_route=%2Fwp%2Fv2%2Fmedia&parent=319"}],"wp:term":[{"taxonomy":"category","embeddable":true,"href":"https:\/\/svetaobitelj.hr\/index.php?rest_route=%2Fwp%2Fv2%2Fcategories&post=319"},{"taxonomy":"post_tag","embeddable":true,"href":"https:\/\/svetaobitelj.hr\/index.php?rest_route=%2Fwp%2Fv2%2Ftags&post=319"}],"curies":[{"name":"wp","href":"https:\/\/api.w.org\/{rel}","templated":true}]}}