{"id":3180,"date":"2024-03-03T11:59:16","date_gmt":"2024-03-03T10:59:16","guid":{"rendered":"https:\/\/svetaobitelj.hr\/?p=3180"},"modified":"2024-03-03T11:59:17","modified_gmt":"2024-03-03T10:59:17","slug":"korizmena-duhovna-obnova-za-karitativne-suradnike","status":"publish","type":"post","link":"https:\/\/svetaobitelj.hr\/?p=3180","title":{"rendered":"Korizmena duhovna obnova za karitativne suradnike"},"content":{"rendered":"\n<figure class=\"wp-block-image size-large\"><img loading=\"lazy\" decoding=\"async\" width=\"1024\" height=\"1024\" src=\"https:\/\/svetaobitelj.hr\/wp-content\/uploads\/2024\/03\/slika1-1024x1024.jpg\" alt=\"\" class=\"wp-image-3181\" srcset=\"https:\/\/svetaobitelj.hr\/wp-content\/uploads\/2024\/03\/slika1-1024x1024.jpg 1024w, https:\/\/svetaobitelj.hr\/wp-content\/uploads\/2024\/03\/slika1-300x300.jpg 300w, https:\/\/svetaobitelj.hr\/wp-content\/uploads\/2024\/03\/slika1-150x150.jpg 150w, https:\/\/svetaobitelj.hr\/wp-content\/uploads\/2024\/03\/slika1-768x768.jpg 768w, https:\/\/svetaobitelj.hr\/wp-content\/uploads\/2024\/03\/slika1-1536x1536.jpg 1536w, https:\/\/svetaobitelj.hr\/wp-content\/uploads\/2024\/03\/slika1.jpg 2048w\" sizes=\"auto, (max-width: 1024px) 100vw, 1024px\" \/><\/figure>\n\n\n\n<p>U subotu 02. o\u017eujka 2024. u Vikarijatu u Osijeku odr\u017eana je korizmena duhovna obnova za djelatnike, animatore, \u017eupne suradnike te \u010dlanove \u017eupnih karitativnih odbora. Pozdravnu rije\u010d uputio je vl\u010d. Drago Tukara, ravnatelj Caritasa  \u0110akova\u010dko- osje\u010dke  nadbiskupije i zahvalio svima na trudu i vremenu koje ula\u017eu u pomaganju onim najpotrebitijima. Duhovnu obnovu predvodio je vl\u010d. Vedran Bili\u0107 \u017eupnik iz Ila\u010de, a nakon izlaganja nazo\u010dni su imali priliku za svetu ispovijed, a vrhunac je bila sveta misa kojom je i zavr\u0161io susret.<\/p>\n","protected":false},"excerpt":{"rendered":"<p>U subotu 02. o\u017eujka 2024. u Vikarijatu u Osijeku odr\u017eana je korizmena duhovna obnova za djelatnike, animatore, \u017eupne suradnike te \u010dlanove \u017eupnih karitativnih odbora. Pozdravnu rije\u010d uputio je vl\u010d. Drago Tukara, ravnatelj Caritasa \u0110akova\u010dko- osje\u010dke nadbiskupije i zahvalio svima na trudu i vremenu koje ula\u017eu u pomaganju onim najpotrebitijima. Duhovnu obnovu predvodio je vl\u010d. Vedran <a href=\"https:\/\/svetaobitelj.hr\/?p=3180\" class=\"more-link\">[&hellip;]<\/a><\/p>\n","protected":false},"author":2,"featured_media":0,"comment_status":"closed","ping_status":"open","sticky":false,"template":"","format":"standard","meta":{"footnotes":""},"categories":[3],"tags":[],"class_list":["entry","author-","post-3180","post","type-post","status-publish","format-standard","category-zupa"],"_links":{"self":[{"href":"https:\/\/svetaobitelj.hr\/index.php?rest_route=\/wp\/v2\/posts\/3180","targetHints":{"allow":["GET"]}}],"collection":[{"href":"https:\/\/svetaobitelj.hr\/index.php?rest_route=\/wp\/v2\/posts"}],"about":[{"href":"https:\/\/svetaobitelj.hr\/index.php?rest_route=\/wp\/v2\/types\/post"}],"author":[{"embeddable":true,"href":"https:\/\/svetaobitelj.hr\/index.php?rest_route=\/wp\/v2\/users\/2"}],"replies":[{"embeddable":true,"href":"https:\/\/svetaobitelj.hr\/index.php?rest_route=%2Fwp%2Fv2%2Fcomments&post=3180"}],"version-history":[{"count":1,"href":"https:\/\/svetaobitelj.hr\/index.php?rest_route=\/wp\/v2\/posts\/3180\/revisions"}],"predecessor-version":[{"id":3182,"href":"https:\/\/svetaobitelj.hr\/index.php?rest_route=\/wp\/v2\/posts\/3180\/revisions\/3182"}],"wp:attachment":[{"href":"https:\/\/svetaobitelj.hr\/index.php?rest_route=%2Fwp%2Fv2%2Fmedia&parent=3180"}],"wp:term":[{"taxonomy":"category","embeddable":true,"href":"https:\/\/svetaobitelj.hr\/index.php?rest_route=%2Fwp%2Fv2%2Fcategories&post=3180"},{"taxonomy":"post_tag","embeddable":true,"href":"https:\/\/svetaobitelj.hr\/index.php?rest_route=%2Fwp%2Fv2%2Ftags&post=3180"}],"curies":[{"name":"wp","href":"https:\/\/api.w.org\/{rel}","templated":true}]}}