{"id":3177,"date":"2024-03-02T07:00:15","date_gmt":"2024-03-02T06:00:15","guid":{"rendered":"http:\/\/svetaobitelj.hr\/?p=3177"},"modified":"2024-03-02T07:00:17","modified_gmt":"2024-03-02T06:00:17","slug":"zupne-obavijesti-3-korizmena-nedjelja-6","status":"publish","type":"post","link":"https:\/\/svetaobitelj.hr\/?p=3177","title":{"rendered":"\u017dupne obavijesti: 3. korizmena nedjelja"},"content":{"rendered":"\n<p>Slavimo tre\u0107u korizmenu nedjelju. Zavr\u0161ava Tjedan solidarnosti s Crkvom u Bosni i Hercegovini. Nakon svetih misa skupljamo nov\u010dane priloge za na\u0161u bra\u0107u i sestre u Bosni i Hercegovini s kojima \u017eelimo biti materijalno, molitveno i duhovno povezani. Svoje nov\u010dane priloge mo\u017eete dati na izlazu iz crkve. Budu\u0107i da je i prva nedjelja u mjesecu, a zbog Tjedna solidarnosti s Bosnom i Hercegovinom, svoju molitvu za duhovna zvanja kao i skupljanje nov\u010danih priloga za sjemeni\u0161ta imat \u0107emo sljede\u0107e nedjelje.<\/p>\n\n\n\n<p>Sutra je biblijski sat nakon ve\u010dernje svete mise.<\/p>\n\n\n\n<p>Sljede\u0107e nedjelje slavimo \u010detvrtu korizmenu nedjelju.<\/p>\n\n\n\n<p>U korizmeno vrijeme pobo\u017enost kri\u017enoga puta je srijedom i petkom u 18:00 sati. Korizma je vrijeme posta, molitve i dobrih djela. Prikupljanje prehrambenih proizvoda i higijenskih potrep\u0161tina za Caritas bit \u0107e u razdoblju izme\u0111u \u010detvrte korizmene nedjelje i Cvjetnice.<\/p>\n\n\n\n<p>Osamnaesti nadbiskupijski kri\u017eni put za mlade bit \u0107e 16. o\u017eujka ove godine s po\u010detkom ispred \u017eupne crkve u Nijemcima, a zavr\u0161etak je u sveti\u0161tu Gospe Lu\u010di\u010dke. Geslo kri\u017enog puta je S Marijom za kri\u017eem. Zainteresirani neka se jave u \u017eupni ured do 11. o\u017eujka. Susret hrvatske katoli\u010dke mlade\u017ei bit \u0107e ove godine u Gospi\u0107u 4. svibnja. Mladi se za Susret prijavljuju preko interneta odnosno poveznice u suradnji sa svojim \u017eupnikom, pa je potrebno javiti se osobno u \u017eupni ured. Prijave traju do 31. o\u017eujka ove godine.<\/p>\n\n\n\n<p>Zahvalni za va\u0161u pomo\u0107 kojom poma\u017eete obnovu na\u0161ih crkava i samostana nastradalih u potresima, preporu\u010damo se i nadalje va\u0161oj dobroti. Svoj nov\u010dani prilog mo\u017eete dati u posebno ozna\u010denu \u0161krabicu pri izlazu iz crkve ili u \u017eupni ured ili direktno uplatiti na ra\u010dun koji se nalazi na letku.<\/p>\n\n\n\n<p>Molimo sve vas koji jo\u0161 nemate \u017eupnu obiteljsku knji\u017eicu ili je potrebno upisati promjene u postoje\u0107e, da se javite u \u017eupni ured u uredovno vrijeme.<\/p>\n\n\n\n<p>Kupujte i \u010ditajte katoli\u010dki vjerski tisak.<\/p>\n","protected":false},"excerpt":{"rendered":"<p>Slavimo tre\u0107u korizmenu nedjelju. Zavr\u0161ava Tjedan solidarnosti s Crkvom u Bosni i Hercegovini. Nakon svetih misa skupljamo nov\u010dane priloge za na\u0161u bra\u0107u i sestre u Bosni i Hercegovini s kojima \u017eelimo biti materijalno, molitveno i duhovno povezani. Svoje nov\u010dane priloge mo\u017eete dati na izlazu iz crkve. Budu\u0107i da je i prva nedjelja u mjesecu, a <a href=\"https:\/\/svetaobitelj.hr\/?p=3177\" class=\"more-link\">[&hellip;]<\/a><\/p>\n","protected":false},"author":2,"featured_media":0,"comment_status":"closed","ping_status":"open","sticky":false,"template":"","format":"standard","meta":{"footnotes":""},"categories":[3],"tags":[],"class_list":["entry","author-","post-3177","post","type-post","status-publish","format-standard","category-zupa"],"_links":{"self":[{"href":"https:\/\/svetaobitelj.hr\/index.php?rest_route=\/wp\/v2\/posts\/3177","targetHints":{"allow":["GET"]}}],"collection":[{"href":"https:\/\/svetaobitelj.hr\/index.php?rest_route=\/wp\/v2\/posts"}],"about":[{"href":"https:\/\/svetaobitelj.hr\/index.php?rest_route=\/wp\/v2\/types\/post"}],"author":[{"embeddable":true,"href":"https:\/\/svetaobitelj.hr\/index.php?rest_route=\/wp\/v2\/users\/2"}],"replies":[{"embeddable":true,"href":"https:\/\/svetaobitelj.hr\/index.php?rest_route=%2Fwp%2Fv2%2Fcomments&post=3177"}],"version-history":[{"count":1,"href":"https:\/\/svetaobitelj.hr\/index.php?rest_route=\/wp\/v2\/posts\/3177\/revisions"}],"predecessor-version":[{"id":3178,"href":"https:\/\/svetaobitelj.hr\/index.php?rest_route=\/wp\/v2\/posts\/3177\/revisions\/3178"}],"wp:attachment":[{"href":"https:\/\/svetaobitelj.hr\/index.php?rest_route=%2Fwp%2Fv2%2Fmedia&parent=3177"}],"wp:term":[{"taxonomy":"category","embeddable":true,"href":"https:\/\/svetaobitelj.hr\/index.php?rest_route=%2Fwp%2Fv2%2Fcategories&post=3177"},{"taxonomy":"post_tag","embeddable":true,"href":"https:\/\/svetaobitelj.hr\/index.php?rest_route=%2Fwp%2Fv2%2Ftags&post=3177"}],"curies":[{"name":"wp","href":"https:\/\/api.w.org\/{rel}","templated":true}]}}