{"id":3166,"date":"2024-02-27T21:08:44","date_gmt":"2024-02-27T20:08:44","guid":{"rendered":"https:\/\/svetaobitelj.hr\/?p=3166"},"modified":"2024-02-27T21:08:44","modified_gmt":"2024-02-27T20:08:44","slug":"kanonska-vizitacija-2","status":"publish","type":"post","link":"https:\/\/svetaobitelj.hr\/?p=3166","title":{"rendered":"Kanonska vizitacija"},"content":{"rendered":"\n<p>U ponedjeljak, 26. velja\u010de 2024. godine, uprili\u010dena je kanonska vizitacija \u017dupe Svete Obitelji u Osijeku, koju je pohodio Nadbiskup \u0110uro Hrani\u0107, a konvizitator je bio vl\u010d. Mato Mi\u0107an.<\/p>\n\n\n\n<p>Pastirski pohod zapo\u010deo je u 14 sati posjetom samostanu redovnica K\u0107eri Milosr\u0111a, koji se nalazi na podru\u010dju \u017dupe, a u okviru kojeg djeluje i vjerski Dje\u010dji vrti\u0107 Marija Petkovi\u0107. U predvorju samostana su vrti\u0107ka djeca do\u010dekala Nadbiskupa i konvizitatora pjesmom \u201e1. 2. 3. Boga volimo mi\u201c, a on ih je darivao Biblijama za djecu, slatki\u0161ima i vo\u0107em. Potom je uslijedio razgovor sa sestrama uz ugodnu okrijepu. Sestre su upoznale Nadbiskupa sa radom vrti\u0107a, te su mu progovorile i o svojim problemima.<\/p>\n\n\n\n<div class=\"wp-block-image\"><figure class=\"aligncenter size-large\"><img loading=\"lazy\" decoding=\"async\" width=\"1024\" height=\"1024\" src=\"https:\/\/svetaobitelj.hr\/wp-content\/uploads\/2024\/02\/Kolaz1-1024x1024.jpg\" alt=\"\" class=\"wp-image-3167\" srcset=\"https:\/\/svetaobitelj.hr\/wp-content\/uploads\/2024\/02\/Kolaz1-1024x1024.jpg 1024w, https:\/\/svetaobitelj.hr\/wp-content\/uploads\/2024\/02\/Kolaz1-300x300.jpg 300w, https:\/\/svetaobitelj.hr\/wp-content\/uploads\/2024\/02\/Kolaz1-150x150.jpg 150w, https:\/\/svetaobitelj.hr\/wp-content\/uploads\/2024\/02\/Kolaz1-768x768.jpg 768w, https:\/\/svetaobitelj.hr\/wp-content\/uploads\/2024\/02\/Kolaz1-1536x1536.jpg 1536w, https:\/\/svetaobitelj.hr\/wp-content\/uploads\/2024\/02\/Kolaz1.jpg 2048w\" sizes=\"auto, (max-width: 1024px) 100vw, 1024px\" \/><\/figure><\/div>\n\n\n\n<p>Dolaskom u \u017eupnu crkvu Nadbiskup, konvizitator i \u017eupnik pomolili su se za uspjeh vizitacije i za cijelu nadbiskupiju. Tijekom poslijepodnevnih sati odr\u017ean je susret s predstavnicima raznih skupina koje djeluju u \u017eupi.\u00a0 Na po\u010detku su Nadbiskupa sa svojim djelovanjem upoznali predstavnici OFS-a, Vojske Bezgre\u0161ne, kao i skupina \u017eena koje \u010diste unutra\u0161njost crkve. Nadbiskup je nazo\u010dnima objasnio zna\u010denje kanonske vizitacije, te izrekao pohvale \u017eupi jer je jako dobro pastoralno zbrinuta. Ministar mjesnog bratstva OFS-a upoznao je Nadbiskupa sa radom OFS-a, te kao glavni problem istaknuo nedostatak mla\u0111e populacije u mjesnom bratstvu. Osvrnuo se i na proslavu franjeva\u010dkih jubileja. O problemu starosti progovorila je i predsjednica jedine katoli\u010dke udruge koja je aktivna u \u017eupi &#8211; Udruge Vojske Bezgre\u0161ne, koja ima sve manje \u010dlanova budu\u0107i da ih je podosta preminulo. Prije su vi\u0161e sudjelovali u karitativnim akcijama, a sada im je to problem jer ih je malo, ali, me\u0111u ostalim aktivnostima posebnost je to \u0161to su kumovi jednom djetetu u Beninu. Najstarija \u017eena iz skupine \u017eena koje \u010diste tako\u0111er je ukazala na problem starosti, kao i \u010dinjenicu da ima sve manje \u017eena koje \u010diste unutra\u0161njost crkve, jer su to uglavnom \u017eene starije populacije. Svaka od njih ima svoj zavjet i razlog zbog kojega dolazi \u010distiti crkvu. Vanjski okoli\u0161 crkve odr\u017eavaju i brinu o njemu \u017eupljani koji su vodili brigu oko provo\u0111enja epidemiolo\u0161kih mjera za vrijeme pandemije COVID 19 (tzv. redari). Nadbiskup je zahvalio nazo\u010dnima na spremnosti da izdvoje svoje vrijeme i \u010dine najbolje kako i koliko mogu za \u017eupu. Istaknuo je kako je u dana\u0161nje vrijeme te\u0161ko anga\u017eirati se u bilo kojem smislu, jer je ljudima veliki problem prihva\u0107anje obveza budu\u0107i da se svi smatraju sami sebi samodostatni. Svaka vjerska skupina je uistinu dom i \u0161kola zajedni\u0161tva. Treba iskazivati vi\u0161e interesa jedni za druge, biti podr\u0161ka jedni drugima. Programi svake vjerni\u010dke skupine doprinose rastu u kr\u0161\u0107anskoj duhovnosti. Vjerni\u010dka dru\u0161tva su blagoslov za svaku \u017eupnu zajednicu. Duhovnost koju\u00a0 njegujemo u crkvi trebamo prenositi u obitelji. Duh sekularizacije je sve prisutniji. Problem nastaje u obiteljima gdje nema religioznog odgoja. Potom je uslijedio susret sa volonterima Caritasa, misijskom skupinom, biblijskom skupinom i katehisticama koje su zaposlene u \u0161kolama na podru\u010dju \u017eupe i vode kateheze u \u017eupi. Voditeljica Caritasa i misijske skupine predstavila je rad skupina Nadbiskupu, te istaknula kako je rad ovih dviju skupina prepoznatljiv i jedinstven u Nadbiskupiji. Osim karitativnog i misijskog djelovanja, \u010dlanovi ovih skupina djeluju i kao sakuplja\u010di milostinje. O va\u017enosti biblijskog sata i na\u010dinu na koji se isti odvija svjedo\u010dila je \u017eupljanka koja je pri tome istaknula i va\u017enost \u017eivljenja Bo\u017eje rije\u010di. Katehistice koje su zaposlene u \u0161kolama na podru\u010dju \u017eupe upoznale su Nadbiskupa sa brojem djece upisanim na \u0161kolski vjeronauk u odnosu na ukupan broj djece u \u0161kolama, te istaknule kao glavni problem nedolazak djece na svetu misu. Nadbiskup je zahvalio i ovoj skupini na vremenu koje daruju, te ukazao kako se danas sve vi\u0161e susre\u0107emo sa neishranjeno\u0161\u0107u vjernika biblijskim tekstovima. Potrebno je svakodnevno hraniti se rje\u010dju Bo\u017ejom \u2013 biblijskom rije\u010dju, a ne samo pobo\u017enostima. Treba se suo\u010diti s rje\u010dju Bo\u017ejom i s njom prihvatiti odgovornost i mijenjanje. Zadivljuju\u0107i anga\u017eman na podru\u010djima unutar \u017eupe, treba nas okretati jedne prema drugima i pokazati humano lice Isusa Krista. Nije dovoljno samo pokloniti vrijeme, ve\u0107 treba imati osje\u0107aja\u00a0 i srca za ljude oko sebe. Posebnu pozornost Nadbiskup je dao susretu s predstavnicima \u017dupnog pastoralnog i ekonomskog vije\u0107a, te je progovorio o problemu svih \u017eupa u Nadbiskupiji, a to je nedostatak mladih u \u017eivotu crkve. Posvijestio je odgovornost obiteljskog odgoja u vjeri kako bi djeca postala aktivni \u010dlanovi \u017eivota \u017eupe i dru\u0161tva op\u0107enito. Potrebno je odgajati generacije za budu\u0107nost, jer svi mi smo ribari ljudi i, ako od toga odustanemo, \u0161to \u0107e biti? Istaknuo je kako vije\u0107nici moraju biti animatori uz \u017eupnika. Treba znati privu\u0107i mlade, prepoznati problem, pro\u0161iriti krug suradnika i djelovati, jer \u017eetva je velika, a radnika je malo. Pojedini \u010dlanovi vije\u0107a su svojim komentarima doprinijeli raspravi o ovom problemu. Iznena\u0111enje za Nadbiskupa bili su konkretni darovi, a vrhunac iznena\u0111enja bila je torta kao podsje\u0107anje na proslavu 50. obljetnice \u017eupe koju su uru\u010dile aktivnije suradnice. <\/p>\n\n\n\n<div class=\"wp-block-image\"><figure class=\"aligncenter size-large\"><img loading=\"lazy\" decoding=\"async\" width=\"1024\" height=\"1024\" src=\"https:\/\/svetaobitelj.hr\/wp-content\/uploads\/2024\/02\/Kolaz2-1024x1024.jpg\" alt=\"\" class=\"wp-image-3168\" srcset=\"https:\/\/svetaobitelj.hr\/wp-content\/uploads\/2024\/02\/Kolaz2-1024x1024.jpg 1024w, https:\/\/svetaobitelj.hr\/wp-content\/uploads\/2024\/02\/Kolaz2-300x300.jpg 300w, https:\/\/svetaobitelj.hr\/wp-content\/uploads\/2024\/02\/Kolaz2-150x150.jpg 150w, https:\/\/svetaobitelj.hr\/wp-content\/uploads\/2024\/02\/Kolaz2-768x768.jpg 768w, https:\/\/svetaobitelj.hr\/wp-content\/uploads\/2024\/02\/Kolaz2-1536x1536.jpg 1536w, https:\/\/svetaobitelj.hr\/wp-content\/uploads\/2024\/02\/Kolaz2.jpg 2048w\" sizes=\"auto, (max-width: 1024px) 100vw, 1024px\" \/><\/figure><\/div>\n\n\n\n<p>Na po\u010detku svete mise, nakon \u017eupnikovog pozdrava, Nadbiskupa su iznenadili djeca &#8211; Roko i Matej prigodnim stihovima: \u201eDobro do\u0161ao Nadbiskupe ti u na\u0161u \u017dupu. Mi te jako volimo i za te molimo. Kad nam ka\u017ee\u0161 jugovci, srce nam se smije\u0161i, a mi tebi \u0110uro na\u0161, osmijeh je jo\u0161 ve\u0107i. Duh sveti neka te i dalje vodi da bude\u0161 tako dobar i nama po volji.\u201c\u00a0 U svojoj homiliji Nadbiskup je prigodno progovorio o tome kako smo svi jedno otajstveno tijelo Kristovo \u2013 Crkva, te po tome ostvarujemo zajedni\u0161tvo ljudi po daru Duha Svetoga. \u201ePo razli\u010ditim darovima i slu\u017ebama koje svi imamo, svi smo mi suodgovorni i za \u017eivot te poslanje Crkve. Zato je Crkva syn-hodos, zajedni\u010dki hod, sinoda, zajedni\u0161tvo na putu Kristova poslanja. Crkva i sinoda su dvije rije\u010di za istu stvarnost. Stoga je bitna oznaka Crkve, utkana u samu njezinu narav, sinodalnost.\u201c &#8211; istaknuo je Nadbiskup. Naglasio je kako smo svi u Crkvi jednako va\u017eni i odgovorni, te nas je ohrabrio da budemo prepoznati u osobnom svjedo\u010denju i izdvojimo vrijeme koje \u0107emo darovati svojoj \u017eupnoj zajednici. Nadalje, istaknuo je kako je iznad svega zahvalan \u017eupniku fra Dragutinu Bedeni\u010di\u0107u, budu\u0107i da je isti ve\u0107 du\u017ee vrijeme sam u slu\u017ebi u ovoj velikoj \u017eupi, te pozvao sve nas da mu budemo velika podr\u0161ka. Misnom slavlju nazo\u010dili su i bra\u0107a franjevci iz samostana u osje\u010dkoj Tvr\u0111i.<\/p>\n\n\n\n<div class=\"wp-block-image\"><figure class=\"aligncenter size-large\"><img loading=\"lazy\" decoding=\"async\" width=\"1024\" height=\"1024\" src=\"https:\/\/svetaobitelj.hr\/wp-content\/uploads\/2024\/02\/Kolaz3-1024x1024.jpg\" alt=\"\" class=\"wp-image-3169\" srcset=\"https:\/\/svetaobitelj.hr\/wp-content\/uploads\/2024\/02\/Kolaz3-1024x1024.jpg 1024w, https:\/\/svetaobitelj.hr\/wp-content\/uploads\/2024\/02\/Kolaz3-300x300.jpg 300w, https:\/\/svetaobitelj.hr\/wp-content\/uploads\/2024\/02\/Kolaz3-150x150.jpg 150w, https:\/\/svetaobitelj.hr\/wp-content\/uploads\/2024\/02\/Kolaz3-768x768.jpg 768w, https:\/\/svetaobitelj.hr\/wp-content\/uploads\/2024\/02\/Kolaz3-1536x1536.jpg 1536w, https:\/\/svetaobitelj.hr\/wp-content\/uploads\/2024\/02\/Kolaz3.jpg 2048w\" sizes=\"auto, (max-width: 1024px) 100vw, 1024px\" \/><\/figure><\/div>\n\n\n\n<p>Nakon svete mise bio je susret s ministrantima i \u010dlanovima zborova kada ih je Nadbiskup ohrabrio na odgovornost slu\u017ebe pjevanja i ministriranja, te svojim osobnim svjedo\u010danstvom potaknuo ministrante na razmi\u0161ljanje o duhovnom pozivu.<\/p>\n\n\n\n<div class=\"wp-block-image\"><figure class=\"aligncenter size-large\"><img loading=\"lazy\" decoding=\"async\" width=\"1024\" height=\"1024\" src=\"https:\/\/svetaobitelj.hr\/wp-content\/uploads\/2024\/02\/Kolaz4-1024x1024.jpg\" alt=\"\" class=\"wp-image-3170\" srcset=\"https:\/\/svetaobitelj.hr\/wp-content\/uploads\/2024\/02\/Kolaz4-1024x1024.jpg 1024w, https:\/\/svetaobitelj.hr\/wp-content\/uploads\/2024\/02\/Kolaz4-300x300.jpg 300w, https:\/\/svetaobitelj.hr\/wp-content\/uploads\/2024\/02\/Kolaz4-150x150.jpg 150w, https:\/\/svetaobitelj.hr\/wp-content\/uploads\/2024\/02\/Kolaz4-768x768.jpg 768w, https:\/\/svetaobitelj.hr\/wp-content\/uploads\/2024\/02\/Kolaz4-1536x1536.jpg 1536w, https:\/\/svetaobitelj.hr\/wp-content\/uploads\/2024\/02\/Kolaz4.jpg 2048w\" sizes=\"auto, (max-width: 1024px) 100vw, 1024px\" \/><\/figure><\/div>\n\n\n\n<p>Kanonska vizitacija zavr\u0161ena je ve\u010derom u blagovaonici samostana, te osobnim razgovorom sa \u017eupnikom i pregledom \u017eupne administracije.<\/p>\n\n\n\n<div class=\"wp-block-image\"><figure class=\"aligncenter size-large\"><img loading=\"lazy\" decoding=\"async\" width=\"1024\" height=\"1024\" src=\"https:\/\/svetaobitelj.hr\/wp-content\/uploads\/2024\/02\/Kolaz5-1024x1024.jpg\" alt=\"\" class=\"wp-image-3171\" srcset=\"https:\/\/svetaobitelj.hr\/wp-content\/uploads\/2024\/02\/Kolaz5-1024x1024.jpg 1024w, https:\/\/svetaobitelj.hr\/wp-content\/uploads\/2024\/02\/Kolaz5-300x300.jpg 300w, https:\/\/svetaobitelj.hr\/wp-content\/uploads\/2024\/02\/Kolaz5-150x150.jpg 150w, https:\/\/svetaobitelj.hr\/wp-content\/uploads\/2024\/02\/Kolaz5-768x768.jpg 768w, https:\/\/svetaobitelj.hr\/wp-content\/uploads\/2024\/02\/Kolaz5-1536x1536.jpg 1536w, https:\/\/svetaobitelj.hr\/wp-content\/uploads\/2024\/02\/Kolaz5.jpg 2048w\" sizes=\"auto, (max-width: 1024px) 100vw, 1024px\" \/><\/figure><\/div>\n","protected":false},"excerpt":{"rendered":"<p>U ponedjeljak, 26. velja\u010de 2024. godine, uprili\u010dena je kanonska vizitacija \u017dupe Svete Obitelji u Osijeku, koju je pohodio Nadbiskup \u0110uro Hrani\u0107, a konvizitator je bio vl\u010d. Mato Mi\u0107an. Pastirski pohod zapo\u010deo je u 14 sati posjetom samostanu redovnica K\u0107eri Milosr\u0111a, koji se nalazi na podru\u010dju \u017dupe, a u okviru kojeg djeluje i vjerski Dje\u010dji vrti\u0107 <a href=\"https:\/\/svetaobitelj.hr\/?p=3166\" class=\"more-link\">[&hellip;]<\/a><\/p>\n","protected":false},"author":2,"featured_media":0,"comment_status":"closed","ping_status":"open","sticky":false,"template":"","format":"standard","meta":{"footnotes":""},"categories":[3],"tags":[],"class_list":["entry","author-","post-3166","post","type-post","status-publish","format-standard","category-zupa"],"_links":{"self":[{"href":"https:\/\/svetaobitelj.hr\/index.php?rest_route=\/wp\/v2\/posts\/3166","targetHints":{"allow":["GET"]}}],"collection":[{"href":"https:\/\/svetaobitelj.hr\/index.php?rest_route=\/wp\/v2\/posts"}],"about":[{"href":"https:\/\/svetaobitelj.hr\/index.php?rest_route=\/wp\/v2\/types\/post"}],"author":[{"embeddable":true,"href":"https:\/\/svetaobitelj.hr\/index.php?rest_route=\/wp\/v2\/users\/2"}],"replies":[{"embeddable":true,"href":"https:\/\/svetaobitelj.hr\/index.php?rest_route=%2Fwp%2Fv2%2Fcomments&post=3166"}],"version-history":[{"count":1,"href":"https:\/\/svetaobitelj.hr\/index.php?rest_route=\/wp\/v2\/posts\/3166\/revisions"}],"predecessor-version":[{"id":3172,"href":"https:\/\/svetaobitelj.hr\/index.php?rest_route=\/wp\/v2\/posts\/3166\/revisions\/3172"}],"wp:attachment":[{"href":"https:\/\/svetaobitelj.hr\/index.php?rest_route=%2Fwp%2Fv2%2Fmedia&parent=3166"}],"wp:term":[{"taxonomy":"category","embeddable":true,"href":"https:\/\/svetaobitelj.hr\/index.php?rest_route=%2Fwp%2Fv2%2Fcategories&post=3166"},{"taxonomy":"post_tag","embeddable":true,"href":"https:\/\/svetaobitelj.hr\/index.php?rest_route=%2Fwp%2Fv2%2Ftags&post=3166"}],"curies":[{"name":"wp","href":"https:\/\/api.w.org\/{rel}","templated":true}]}}