{"id":3162,"date":"2024-02-24T09:04:29","date_gmt":"2024-02-24T08:04:29","guid":{"rendered":"http:\/\/svetaobitelj.hr\/?p=3162"},"modified":"2024-02-24T09:04:30","modified_gmt":"2024-02-24T08:04:30","slug":"zupne-obavijesti-2-korizmena-nedjelja-6","status":"publish","type":"post","link":"https:\/\/svetaobitelj.hr\/?p=3162","title":{"rendered":"\u017dupne obavijesti: 2. korizmena nedjelja"},"content":{"rendered":"\n<p>Slavimo drugu korizmenu nedjelju. Danas zapo\u010dinje Tjedan solidarnosti s bra\u0107om i sestrama u Bosni i Hercegovini koji zavr\u0161ava sljede\u0107e nedjelje. Gosti na\u0161e \u017eupe su voditelji misijske skupine iz \u017eupe Sv. \u0106irila i Metoda u Osijeku, koji su se nedavno vratili iz Afrike pa \u017eele kroz slike i nekoliko rije\u010di posvjedo\u010diti o tom svom boravku. Na izlazu iz crkve mo\u017eete kupiti i kola\u010de pa i na taj na\u010din pomo\u0107i im u njihovom daljnjem radu za misije. Zainteresirani za kumstvo maloj djeci u Africi, a ako to ve\u0107 niste, a \u017eelite biti, mo\u0107i \u0107ete dobiti potrebne informacije od istih.<\/p>\n\n\n\n<p>Sutra je u na\u0161oj \u017eupi kanonska vizitacija na\u0161ega nadbiskupa mons. \u0110ure Hrani\u0107a. Raspored vizitacije: u 14:00 sati susret s \u010dasnim sestrama K\u0107eri Milosr\u0111a i djecom u Dje\u010djem vrti\u0107u u Bakarskoj 1; u 15:00 susret sa skupinom \u017eena koje \u010diste crkvu, \u010dlanovima Mjesnoga Vije\u0107a OFS-a i \u010dlanovima udruge Vojske Bezgre\u0161ne; u 15:30 susret s volonterima Caritasa i \u010dlanovima pro\u0161irene misijske i biblijske skupine; u 16:00 susret s katehistkinjama; u 16:30 susret s \u010dlanovima \u017eupnih vije\u0107a; u 18:30 sveta misa koju predslavi na\u0161 Nadbiskup i na koju ste svi pozvani; nakon svete mise susret s \u010dlanovima zborova i ministrantima; nakon ve\u010dere susret i razgovor sa \u017eupnikom i pregled \u017eupne administracije. Molimo kako bi vizitacija bila na korist i ohrabrenje svih nas koji \u017eivimo u ovoj na\u0161oj \u017eupi.<\/p>\n\n\n\n<p>U subotu \u0107emo pod ve\u010dernjom svetom misom moliti za duhovna zvanja budu\u0107i da je prva subota u mjesecu.<\/p>\n\n\n\n<p>Sljede\u0107e nedjelje slavimo tre\u0107u korizmenu nedjelju kada zavr\u0161ava Tjedan solidarnosti s Crkvom u Bosni i Hercegovini. Nakon svetih misa skupljat \u0107emo nov\u010dane priloge za na\u0161u bra\u0107u i sestre u Bosni i Hercegovini s kojima \u017eelimo biti materijalno, molitveno i duhovno povezani. Svoje nov\u010dane priloge mo\u017eete donijeti ovaj tjedan i u \u017eupni ured u uredovno vrijeme. Budu\u0107i da je sljede\u0107a nedjelja i prva u mjesecu, a zbog Tjedna solidarnosti s Bosnom i Hercegovinom, svoju molitvu za duhovna zvanja kao i skupljanje nov\u010danih priloga za sjemeni\u0161ta imat \u0107emo u nedjelju, 10. o\u017eujka.<\/p>\n\n\n\n<p>U korizmeno vrijeme pobo\u017enost kri\u017enoga puta je srijedom i petkom u 18:00 sati. Korizma je vrijeme posta, molitve i dobrih djela. Prikupljanje prehrambenih proizvoda i higijenskih potrep\u0161tina za Caritas bit \u0107e u razdoblju izme\u0111u \u010detvrte korizmene nedjelje i Cvjetnice.<\/p>\n\n\n\n<p>Susret hrvatske katoli\u010dke mlade\u017ei bit \u0107e ove godine u Gospi\u0107u 4. svibnja. Mladi se za Susret prijavljuju preko interneta odnosno poveznice u suradnji sa svojim \u017eupnikom, pa je potrebno javiti se osobno u \u017eupni ured. Prijave traju do 31. o\u017eujka ove godine.<\/p>\n\n\n\n<p>Zahvalni za va\u0161u pomo\u0107 kojom poma\u017eete obnovu na\u0161ih crkava i samostana nastradalih u potresima, preporu\u010damo se i nadalje va\u0161oj dobroti.<\/p>\n\n\n\n<p>Molimo sve vas koji jo\u0161 nemate \u017eupnu obiteljsku knji\u017eicu ili je potrebno upisati promjene u postoje\u0107e, da se javite u \u017eupni ured u uredovno vrijeme.<\/p>\n\n\n\n<p>Kupujte i \u010ditajte katoli\u010dki vjerski tisak.<\/p>\n","protected":false},"excerpt":{"rendered":"<p>Slavimo drugu korizmenu nedjelju. Danas zapo\u010dinje Tjedan solidarnosti s bra\u0107om i sestrama u Bosni i Hercegovini koji zavr\u0161ava sljede\u0107e nedjelje. Gosti na\u0161e \u017eupe su voditelji misijske skupine iz \u017eupe Sv. \u0106irila i Metoda u Osijeku, koji su se nedavno vratili iz Afrike pa \u017eele kroz slike i nekoliko rije\u010di posvjedo\u010diti o tom svom boravku. Na <a href=\"https:\/\/svetaobitelj.hr\/?p=3162\" class=\"more-link\">[&hellip;]<\/a><\/p>\n","protected":false},"author":2,"featured_media":0,"comment_status":"closed","ping_status":"open","sticky":false,"template":"","format":"standard","meta":{"footnotes":""},"categories":[3],"tags":[],"class_list":["entry","author-","post-3162","post","type-post","status-publish","format-standard","category-zupa"],"_links":{"self":[{"href":"https:\/\/svetaobitelj.hr\/index.php?rest_route=\/wp\/v2\/posts\/3162","targetHints":{"allow":["GET"]}}],"collection":[{"href":"https:\/\/svetaobitelj.hr\/index.php?rest_route=\/wp\/v2\/posts"}],"about":[{"href":"https:\/\/svetaobitelj.hr\/index.php?rest_route=\/wp\/v2\/types\/post"}],"author":[{"embeddable":true,"href":"https:\/\/svetaobitelj.hr\/index.php?rest_route=\/wp\/v2\/users\/2"}],"replies":[{"embeddable":true,"href":"https:\/\/svetaobitelj.hr\/index.php?rest_route=%2Fwp%2Fv2%2Fcomments&post=3162"}],"version-history":[{"count":2,"href":"https:\/\/svetaobitelj.hr\/index.php?rest_route=\/wp\/v2\/posts\/3162\/revisions"}],"predecessor-version":[{"id":3164,"href":"https:\/\/svetaobitelj.hr\/index.php?rest_route=\/wp\/v2\/posts\/3162\/revisions\/3164"}],"wp:attachment":[{"href":"https:\/\/svetaobitelj.hr\/index.php?rest_route=%2Fwp%2Fv2%2Fmedia&parent=3162"}],"wp:term":[{"taxonomy":"category","embeddable":true,"href":"https:\/\/svetaobitelj.hr\/index.php?rest_route=%2Fwp%2Fv2%2Fcategories&post=3162"},{"taxonomy":"post_tag","embeddable":true,"href":"https:\/\/svetaobitelj.hr\/index.php?rest_route=%2Fwp%2Fv2%2Ftags&post=3162"}],"curies":[{"name":"wp","href":"https:\/\/api.w.org\/{rel}","templated":true}]}}