{"id":3148,"date":"2024-02-16T09:09:58","date_gmt":"2024-02-16T08:09:58","guid":{"rendered":"https:\/\/svetaobitelj.hr\/?p=3148"},"modified":"2024-02-16T09:09:58","modified_gmt":"2024-02-16T08:09:58","slug":"zupne-obavijesti-1-korizmena-nedjelja-6","status":"publish","type":"post","link":"https:\/\/svetaobitelj.hr\/?p=3148","title":{"rendered":"\u017dupne obavijesti: 1. korizmena nedjelja"},"content":{"rendered":"\n<p>Slavimo prvu korizmenu nedjelju.<\/p>\n\n\n\n<p>Sutra je biblijski sat nakon ve\u010dernje svete mise.<\/p>\n\n\n\n<p>U korizmeno vrijeme pobo\u017enost kri\u017enoga puta je srijedom i petkom u 18:00 sati. Korizma je vrijeme posta, molitve i dobrih djela. Caritas na\u0161e Nadbiskupije nastavlja s projektom \u201eBla\u017eenije je davati nego primati\u201c \u010dime svojim nov\u010danim prilozima i \u017eive\u017enim namirnicama, poma\u017eemo Caritasovu Pu\u010dku kuhinju u Osijeku i Caritasov Centar za prihvat besku\u0107nika \u2013 Osijek. Prikupljanje prehrambenih proizvoda i higijenskih potrep\u0161tina za potrebite bit \u0107e u razdoblju izme\u0111u \u010detvrte korizmene nedjelje i Cvjetnice. Tko \u017eeli, mo\u017ee uzeti caritasove kutijice na izlazu iz crkve te stavljati svoj dar u njih tijekom korizme i donijeti ih u crkvu na Cvjetnicu. <\/p>\n\n\n\n<p>U srijedu, 21. velja\u010de ove godine, bit \u0107e susret s roditeljima ovogodi\u0161njih prvopri\u010desnika i krizmanika na\u0161e \u017dupe. Susret zapo\u010dinje pobo\u017eno\u0161\u0107u kri\u017enoga puta u 18:00 sati, nakon \u010dega slijedi sveta misa te nastavak susreta nakon mise. Ovaj susret je obvezatan.<\/p>\n\n\n\n<p>Sljede\u0107e nedjelje slavimo drugu korizmenu nedjelju.<\/p>\n\n\n\n<p>U ponedjeljak, 26. velja\u010de, bit \u0107e u na\u0161oj \u017eupi kanonska vizitacija na\u0161ega nadbiskupa mons. \u0110ure Hrani\u0107a. Raspored vizitacije \u0107e biti sljede\u0107i: u 14:00 sati susret s \u010dasnim sestrama K\u0107eri Milosr\u0111a i s djecom u Dje\u010djem vrti\u0107u u Bakarskoj 1; u 15:00 susret sa skupinom \u017eena koje \u010diste crkvu, \u010dlanovima Mjesnoga Vije\u0107a OFS-a i \u010dlanovima udruge Vojske Bezgre\u0161ne; u 15:30 susret s volonterima Caritasa i \u010dlanovima pro\u0161irene misijske i biblijske skupine; u 16:00 susret s katehistkinjama; u 16:30 susret s \u010dlanovima \u017eupnih vije\u0107a; u 18:30 sveta misa koju predslavi na\u0161 Nadbiskup i na koju ste svi pozvani; nakon svete mise susret s \u010dlanovima zborova i ministrantima; nakon ve\u010dere susret i razgovor sa \u017eupnikom i pregled \u017eupne administracije. Pozvani smo na molitvu kako bi vizitacija bila na korist i ohrabrenje svih nas koji \u017eivimo u ovoj na\u0161oj \u017eupi.<\/p>\n\n\n\n<p>Susret hrvatske katoli\u010dke mlade\u017ei bit \u0107e ove godine u Gospi\u0107u 4. svibnja. Geslo susreta je <em>\u201eRaduj se za svoje mladosti\u201c <\/em>(usp. Prop 11,9). Mladi se za Susret prijavljuju preko interneta odnosno poveznice u suradnji sa svojim \u017eupnikom, pa je potrebno javiti se osobno u \u017eupni ured. Prijave traju do 31. o\u017eujka ove godine.<\/p>\n\n\n\n<p>Zahvalni za va\u0161u pomo\u0107 kojom poma\u017eete obnovu na\u0161ih crkava i samostana nastradalih u potresima, preporu\u010damo se i nadalje va\u0161oj dobroti. Svoj nov\u010dani prilog mo\u017eete dati u posebno ozna\u010denu \u0161krabicu pri izlazu iz crkve ili u \u017eupni ured ili direktno uplatiti na ra\u010dun koji se nalazi na letku.<\/p>\n\n\n\n<p>Molimo sve vas koji jo\u0161 nemate \u017eupnu obiteljsku knji\u017eicu ili je potrebno upisati promjene u postoje\u0107e, da se javite u \u017eupni ured u uredovno vrijeme.<\/p>\n\n\n\n<p>Kupujte i \u010ditajte katoli\u010dki vjerski tisak.<\/p>\n","protected":false},"excerpt":{"rendered":"<p>Slavimo prvu korizmenu nedjelju. Sutra je biblijski sat nakon ve\u010dernje svete mise. U korizmeno vrijeme pobo\u017enost kri\u017enoga puta je srijedom i petkom u 18:00 sati. Korizma je vrijeme posta, molitve i dobrih djela. Caritas na\u0161e Nadbiskupije nastavlja s projektom \u201eBla\u017eenije je davati nego primati\u201c \u010dime svojim nov\u010danim prilozima i \u017eive\u017enim namirnicama, poma\u017eemo Caritasovu Pu\u010dku kuhinju <a href=\"https:\/\/svetaobitelj.hr\/?p=3148\" class=\"more-link\">[&hellip;]<\/a><\/p>\n","protected":false},"author":2,"featured_media":0,"comment_status":"closed","ping_status":"open","sticky":false,"template":"","format":"standard","meta":{"footnotes":""},"categories":[3],"tags":[],"class_list":["entry","author-","post-3148","post","type-post","status-publish","format-standard","category-zupa"],"_links":{"self":[{"href":"https:\/\/svetaobitelj.hr\/index.php?rest_route=\/wp\/v2\/posts\/3148","targetHints":{"allow":["GET"]}}],"collection":[{"href":"https:\/\/svetaobitelj.hr\/index.php?rest_route=\/wp\/v2\/posts"}],"about":[{"href":"https:\/\/svetaobitelj.hr\/index.php?rest_route=\/wp\/v2\/types\/post"}],"author":[{"embeddable":true,"href":"https:\/\/svetaobitelj.hr\/index.php?rest_route=\/wp\/v2\/users\/2"}],"replies":[{"embeddable":true,"href":"https:\/\/svetaobitelj.hr\/index.php?rest_route=%2Fwp%2Fv2%2Fcomments&post=3148"}],"version-history":[{"count":2,"href":"https:\/\/svetaobitelj.hr\/index.php?rest_route=\/wp\/v2\/posts\/3148\/revisions"}],"predecessor-version":[{"id":3150,"href":"https:\/\/svetaobitelj.hr\/index.php?rest_route=\/wp\/v2\/posts\/3148\/revisions\/3150"}],"wp:attachment":[{"href":"https:\/\/svetaobitelj.hr\/index.php?rest_route=%2Fwp%2Fv2%2Fmedia&parent=3148"}],"wp:term":[{"taxonomy":"category","embeddable":true,"href":"https:\/\/svetaobitelj.hr\/index.php?rest_route=%2Fwp%2Fv2%2Fcategories&post=3148"},{"taxonomy":"post_tag","embeddable":true,"href":"https:\/\/svetaobitelj.hr\/index.php?rest_route=%2Fwp%2Fv2%2Ftags&post=3148"}],"curies":[{"name":"wp","href":"https:\/\/api.w.org\/{rel}","templated":true}]}}