{"id":3143,"date":"2024-02-13T23:25:04","date_gmt":"2024-02-13T22:25:04","guid":{"rendered":"https:\/\/svetaobitelj.hr\/?p=3143"},"modified":"2024-02-16T09:13:55","modified_gmt":"2024-02-16T08:13:55","slug":"gospa-lurdska-svjetski-dan-bolesnika","status":"publish","type":"post","link":"https:\/\/svetaobitelj.hr\/?p=3143","title":{"rendered":"Gospa Lurdska, Svjetski dan bolesnika"},"content":{"rendered":"\n<figure class=\"wp-block-image size-large\"><img loading=\"lazy\" decoding=\"async\" width=\"477\" height=\"531\" src=\"https:\/\/svetaobitelj.hr\/wp-content\/uploads\/2024\/02\/1000028726-478x1024-1.jpg\" alt=\"\" class=\"wp-image-3154\" srcset=\"https:\/\/svetaobitelj.hr\/wp-content\/uploads\/2024\/02\/1000028726-478x1024-1.jpg 477w, https:\/\/svetaobitelj.hr\/wp-content\/uploads\/2024\/02\/1000028726-478x1024-1-269x300.jpg 269w\" sizes=\"auto, (max-width: 477px) 100vw, 477px\" \/><figcaption><br>Poruka Svetoga Oca Franje za XXXII. Svjetski dan bolesnika<br><strong>[11. velja\u010de 2024.]<\/strong><br><strong><em>\u00bbNije dobro da \u010dovjek bude sam\u00ab.<\/em><\/strong><br><strong><em>Lije\u010diti bolesne lije\u010de\u0107i odnose<\/em><\/strong><br>&nbsp;<br>\u00bbNije dobro da \u010dovjek bude sam\u00ab (<em>Post<\/em>&nbsp;2, 18). Bog, koji je ljubav, od po\u010detka je stvorio \u010dovjeka za zajedni\u0161tvo, upisav\u0161i u njegovo bi\u0107e dimenziju odnos\u00e2. Tako smo u svom \u017eivotu, oblikovanom na sliku Presvetoga Trojstva, pozvani na puno samoostvarenje u dinamici odnos\u00e2, prijateljstva i me\u0111usobne ljubavi. Stvoreni smo da budemo zajedno, a ne sami. I upravo zato \u0161to je taj plan zajedni\u0161tva tako duboko upisan u ljudsko srce, iskustvo napu\u0161tenosti i samo\u0107e nas u\u017easava i pokazuje se bolnim, \u010dak neljudskim. Ono postaje jo\u0161 te\u017ee u trenucima slabosti, nesigurnosti i neizvjesnosti, \u010desto uzrokovanih te\u0161kom bole\u0161\u0107u.<br>Mislim, primjerice, na one koji su bili stra\u0161no usamljeni tijekom pandemije covida-19: pacijente koji nisu mogli primati posjetitelje, ali i medicinske sestre i tehni\u010dare, lije\u010dnike i pomo\u0107no osoblje, koji su svi bili preoptere\u0107eni poslom i u izolaciji na bolni\u010dkim odjelima. I naravno ne smijemo zaboraviti one koji su smrtni \u010das morali do\u010dekati sami, pod paskom zdravstvenog osoblja, ali daleko od svojih obitelji.<br>Istodobno, s dubokom boli suosje\u0107am s patnjom i samo\u0107om onih koji su zbog rata i njegovih tragi\u010dnih posljedica ostali bez oslonca i pomo\u0107i: rat je najstra\u0161nija od svih dru\u0161tvenih bolesti, a najve\u0107u cijenu pla\u0107aju najslabiji.<br>No, treba naglasiti da se i u zemljama koje u\u017eivaju mir i blagostanje doba starosti i bolesti pro\u017eivljava u samo\u0107i, a katkada i u napu\u0161tenosti. Ta je \u017ealosna stvarnost ponajprije plod kulture individualizma, koja veli\u010da ostvarivanje prihoda po svaku cijenu i njeguje mit o u\u010dinkovitosti, postaju\u0107i ravnodu\u0161na, pa \u010dak i nemilosrdna kad ljudi vi\u0161e nemaju snage dr\u017eati korak. Postaje tad kultura odbacivanja u kojoj se \u00bbosobe\u2026 vi\u0161e ne do\u017eivljava kao primarnu vrijednost koju treba po\u0161tivati i \u010duvati je, posebno ako su siroma\u0161ne ili s invaliditetom, ako \u201cjo\u0161 nisu korisne\u201d \u2013 kao \u0161to su nero\u0111eni ili \u201cvi\u0161e nisu korisne\u201d \u2013 kao \u0161to su starije osobe\u00ab (Enc.&nbsp;<em>Fratelli tutti<\/em>, 18). Ta se logika provla\u010di, na\u017ealost, i kroz odre\u0111ene politi\u010dke odluke, u kojima se ne stavlja u sredi\u0161te dostojanstvo ljudske osobe i \u010dovjekove potrebe i koje ne pogoduju uvijek strategijama i izdvajanju potrebnih sredstava kako bi se svakom \u010dovjeku zajam\u010dilo temeljno pravo na zdravlje i pristup lijekovima. Istodobno, napu\u0161tanje slabih i njihovu usamljenost pospje\u0161uje tako\u0111er svo\u0111enje skrbi isklju\u010divo na zdravstvene usluge, a da one nisu mudro popra\u0107ene \u201cterapeutskim savezom\u201d izme\u0111u lije\u010dnika, bolesnika i \u010dlanova obitelji.<br>Vrijedi jo\u0161 jednom poslu\u0161ati ove rije\u010di iz Biblije: Nije dobro da \u010dovjek bude sam! Bog ih izgovara na po\u010detku stvaranja i tako nam otkriva duboki smisao svog nauma za ljudski rod, ali, u isti mah, i smrtnu ranu zadanu grijehom, koji se uvla\u010di i stvara nepovjerenje, razdore, podjele, a time i izolaciju. On poga\u0111a \u010dovjeka u svim njegovim odnosima: s Bogom, sa samim sobom, s drugima, sa stvorenim svijetom. Takva izoliranost dovodi do toga da gubimo smisao na\u0161eg postojanja, oduzima nam radost ljubavi i daje nam iskusiti deprimiraju\u0107i osje\u0107aj usamljenosti u svim klju\u010dnim razdobljima \u017eivota.<br>Bra\u0107o i sestre, prvi oblik skrbi koji nam je potreban u bolesti jest blizina puna suosje\u0107anja i nje\u017enosti. Brinuti se za bolesnu osobu, stoga, zna\u010di prije svega brinuti se za njezine odnose, sve odnose: s Bogom, s drugima \u2013 \u010dlanovima obitelji, prijateljima, zdravstvenim djelatnicima \u2013 sa stvorenim svijetom, sa samim sobom. Je li to mogu\u0107e? D\u00e0, mogu\u0107e je i svi smo pozvani predano raditi na ostvarivanju toga. Pogledajmo sliku milosrdnog Samarijanca (usp.<em>&nbsp;Lk&nbsp;<\/em>10, 25-37), njegovu sposobnost da se zaustavi i iska\u017ee blizinu, nje\u017enost kojom vida rane brata koji trpi.<br>Imajmo na pameti ovu sredi\u0161nju istinu na\u0161ega \u017eivota: do\u0161li smo na svijet jer nas je netko prigrlio, stvoreni smo za ljubav, pozvani smo na zajedni\u0161tvo i bratstvo. Ta dimenzija na\u0161eg bi\u0107a podupire nas posebno u vremenima bolesti i slabosti i prva je terapija koju svi zajedno moramo primjenjivati kako bismo lije\u010dili bolesti dru\u0161tva u kojem \u017eivimo.<br>Vama koji bolujete od neke privremene ili kroni\u010dne bolesti poru\u010dujem: nemojte se sramiti svoje \u017eelje za blizinom i nje\u017eno\u0161\u0107u! Nemojte je skrivati i nemojte nikada misliti da ste drugima na teret. Stanje bolesti poti\u010de svakoga da zaustavi pretjerani tempo u koji smo uronjeni i ponovno prona\u0111e samoga sebe.<br>U ovoj promjeni epohe u kojoj \u017eivimo, posebno smo mi kr\u0161\u0107ani pozvani usvojiti suosje\u0107ajni Isusov pogled. Brinimo se za one koji pate i koji su sami, mo\u017eda \u010dak i potisnuti na rub dru\u0161tva i odba\u010deni. Lije\u010dimo rane samo\u0107e i izolacije uzajamnom ljubavlju koju nam Krist Gospodin daje u molitvi, a posebno u Euharistiji. I tako se slo\u017eno suprotstavimo kulturi individualizma, ravnodu\u0161nosti, odbacivanja i razvijamo kulturu nje\u017enosti i suosje\u0107anja.<br>Bolesni, slabi i siroma\u0161ni su u sredi\u0161tu Crkve i moraju tako\u0111er biti u sredi\u0161tu na\u0161e ljudske pozornosti i na\u0161ih pastoralnih nastojanja. Ne smijemo to zaboraviti! Povjerimo se Bla\u017eenoj Djevici Mariji, Zdravlju bolesnika, da nas zagovara i pomogne nam da budemo tvorci blizine i bratskih odnosa.<br><em>Rim, Sveti Ivan Lateranski, 10. sije\u010dnja <\/em><\/figcaption><\/figure>\n\n\n\n<p>                                    FRANJO<\/p>\n","protected":false},"excerpt":{"rendered":"<p>FRANJO<\/p>\n","protected":false},"author":2,"featured_media":0,"comment_status":"closed","ping_status":"open","sticky":false,"template":"","format":"standard","meta":{"footnotes":""},"categories":[3],"tags":[],"class_list":["entry","author-","post-3143","post","type-post","status-publish","format-standard","category-zupa"],"_links":{"self":[{"href":"https:\/\/svetaobitelj.hr\/index.php?rest_route=\/wp\/v2\/posts\/3143","targetHints":{"allow":["GET"]}}],"collection":[{"href":"https:\/\/svetaobitelj.hr\/index.php?rest_route=\/wp\/v2\/posts"}],"about":[{"href":"https:\/\/svetaobitelj.hr\/index.php?rest_route=\/wp\/v2\/types\/post"}],"author":[{"embeddable":true,"href":"https:\/\/svetaobitelj.hr\/index.php?rest_route=\/wp\/v2\/users\/2"}],"replies":[{"embeddable":true,"href":"https:\/\/svetaobitelj.hr\/index.php?rest_route=%2Fwp%2Fv2%2Fcomments&post=3143"}],"version-history":[{"count":2,"href":"https:\/\/svetaobitelj.hr\/index.php?rest_route=\/wp\/v2\/posts\/3143\/revisions"}],"predecessor-version":[{"id":3155,"href":"https:\/\/svetaobitelj.hr\/index.php?rest_route=\/wp\/v2\/posts\/3143\/revisions\/3155"}],"wp:attachment":[{"href":"https:\/\/svetaobitelj.hr\/index.php?rest_route=%2Fwp%2Fv2%2Fmedia&parent=3143"}],"wp:term":[{"taxonomy":"category","embeddable":true,"href":"https:\/\/svetaobitelj.hr\/index.php?rest_route=%2Fwp%2Fv2%2Fcategories&post=3143"},{"taxonomy":"post_tag","embeddable":true,"href":"https:\/\/svetaobitelj.hr\/index.php?rest_route=%2Fwp%2Fv2%2Ftags&post=3143"}],"curies":[{"name":"wp","href":"https:\/\/api.w.org\/{rel}","templated":true}]}}