{"id":3129,"date":"2024-02-03T11:19:47","date_gmt":"2024-02-03T10:19:47","guid":{"rendered":"http:\/\/svetaobitelj.hr\/?p=3129"},"modified":"2024-02-03T11:19:48","modified_gmt":"2024-02-03T10:19:48","slug":"zupne-obavijesti-5-nedjelja-kroz-godinu-5","status":"publish","type":"post","link":"https:\/\/svetaobitelj.hr\/?p=3129","title":{"rendered":"\u017dupne obavijesti: 5. nedjelja kroz godinu"},"content":{"rendered":"\n<p>Slavimo petu nedjelju kroz godinu. Ujedno je prva nedjelja u mjesecu kada se svojim molitvama i nov\u010danim prilozima sje\u0107amo na\u0161ih sjemeni\u0161ta te molimo za duhovna zvanja. Svoj nov\u010dani prilog za sjemeni\u0161ta mo\u017eete dati na izlazu iz crkve.<\/p>\n\n\n\n<p><strong>Sutra <\/strong>je biblijski sat nakon ve\u010dernje svete mise. U Konkatedrali u Osijeku \u0107e <strong>od \u010detvrtka 8. velja\u010de prijepodne do srijede 14. velja\u010de<\/strong> nave\u010der biti postavljena <em>Me\u0111unarodna izlo\u017eba &#8216;Euharistijska \u010duda diljem svijeta&#8217; <\/em>koju je osmislio i izradio bla\u017eeni Karlo Acutis. Uz postav izlo\u017ebe koji na panelima prikazuje euharistijska \u010duda, biti \u0107e dostupna i bla\u017eenikova relikvija koja \u0107e se izlagati na \u010da\u0161\u0107enje prije svetih misa svakoga dana za vrijeme trajanja izlo\u017ebe. <strong>U petak<\/strong> je u 18:15 pobo\u017enost na \u010dast bl. Mariji Petkovi\u0107. <strong>U subotu<\/strong> slavimo bl. Alojzija Stepinca, kardinala i mu\u010denika. Svete mise su u 7:30 i 18:30 sati. <strong>Sljede\u0107e nedjelje<\/strong> slavimo \u0161estu nedjelju kroz godinu. Ujedno je i Dan bolesnika jer je Gospa Lurdska pa \u0107e biti sveta misa za bolesnike u na\u0161oj \u017eupi u 15:30 sati, a mogu\u0107nost za ispovijed istih bit \u0107e pola sata ranije, u 15:00 sati. Ostale mise su prema redovitom rasporedu: u 7:00, 10:00 i 18:30 sati. Kod bra\u0107e kapucina svetu misu na taj u 12:00 sati predslavit \u0107e mons. Ivica Petanjak, kr\u010dki biskup.<\/p>\n\n\n\n<p>Seminar za bra\u010dne parove u organizaciji Bra\u010dnog i obiteljskog savjetovali\u0161ta na\u0161e Nadbiskupije na temu \u201eGranice u bra\u010dnim i obiteljskim odnosima\u201c bit \u0107e odr\u017ean 10. velja\u010de ove godine s po\u010detkom u 8:30 sati u prostorima KBF-a u \u0110akovu. Program \u0107e voditi izv. prof. dr. sc. Tijana Borovac s Fakulteta za odgojne i obrazovne znanosti u Osijeku. Prijave za Seminar su do 7. velja\u010de ove godine<\/p>\n\n\n\n<p>21. velja\u010de ove godine bit \u0107e susret s roditeljima ovogodi\u0161njih prvopri\u010desnika i krizmanika na\u0161e \u017dupe. Susret zapo\u010dinje pobo\u017eno\u0161\u0107u kri\u017enoga puta u 18:00 sati, nakon \u010dega slijedi sveta misa te nastavak susreta nakon mise. Ovaj susret je obvezatan.<\/p>\n\n\n\n<p>Susret hrvatske katoli\u010dke mlade\u017ei bit \u0107e ove godine u Gospi\u0107u 4. svibnja. Geslo susreta je <em>\u201eRaduj se za svoje mladosti\u201c <\/em>(usp. Prop 11,9). Mladi se za Susret prijavljuju preko interneta odnosno poveznice u suradnji sa svojim \u017eupnikom, pa je potrebno javiti se osobno u \u017eupni ured. Prijave traju do 31. o\u017eujka ove godine.<\/p>\n\n\n\n<p>Zahvalni za va\u0161u pomo\u0107 kojom poma\u017eete obnovu na\u0161ih crkava i samostana nastradalih u potresima, preporu\u010damo se i nadalje va\u0161oj dobroti. Svoj nov\u010dani prilog mo\u017eete dati u posebno ozna\u010denu \u0161krabicu pri izlazu iz crkve ili u \u017eupni ured ili direktno uplatiti na ra\u010dun koji se nalazi na letku.<\/p>\n\n\n\n<p>Molimo sve vas koji jo\u0161 nemate \u017eupnu obiteljsku knji\u017eicu ili je potrebno upisati promjene u postoje\u0107e, da se javite u \u017eupni ured u uredovno vrijeme.<\/p>\n\n\n\n<p>Poti\u010demo zainteresirane za pjevanje i sviranje u na\u0161im zborovima da se priklju\u010de kako bi obogatili liturgijska slavlja u na\u0161oj \u017eupi. Kupujte i \u010ditajte katoli\u010dki vjerski tisak.<\/p>\n","protected":false},"excerpt":{"rendered":"<p>Slavimo petu nedjelju kroz godinu. Ujedno je prva nedjelja u mjesecu kada se svojim molitvama i nov\u010danim prilozima sje\u0107amo na\u0161ih sjemeni\u0161ta te molimo za duhovna zvanja. Svoj nov\u010dani prilog za sjemeni\u0161ta mo\u017eete dati na izlazu iz crkve. Sutra je biblijski sat nakon ve\u010dernje svete mise. U Konkatedrali u Osijeku \u0107e od \u010detvrtka 8. velja\u010de prijepodne <a href=\"https:\/\/svetaobitelj.hr\/?p=3129\" class=\"more-link\">[&hellip;]<\/a><\/p>\n","protected":false},"author":2,"featured_media":0,"comment_status":"closed","ping_status":"open","sticky":false,"template":"","format":"standard","meta":{"footnotes":""},"categories":[3],"tags":[],"class_list":["entry","author-","post-3129","post","type-post","status-publish","format-standard","category-zupa"],"_links":{"self":[{"href":"https:\/\/svetaobitelj.hr\/index.php?rest_route=\/wp\/v2\/posts\/3129","targetHints":{"allow":["GET"]}}],"collection":[{"href":"https:\/\/svetaobitelj.hr\/index.php?rest_route=\/wp\/v2\/posts"}],"about":[{"href":"https:\/\/svetaobitelj.hr\/index.php?rest_route=\/wp\/v2\/types\/post"}],"author":[{"embeddable":true,"href":"https:\/\/svetaobitelj.hr\/index.php?rest_route=\/wp\/v2\/users\/2"}],"replies":[{"embeddable":true,"href":"https:\/\/svetaobitelj.hr\/index.php?rest_route=%2Fwp%2Fv2%2Fcomments&post=3129"}],"version-history":[{"count":1,"href":"https:\/\/svetaobitelj.hr\/index.php?rest_route=\/wp\/v2\/posts\/3129\/revisions"}],"predecessor-version":[{"id":3130,"href":"https:\/\/svetaobitelj.hr\/index.php?rest_route=\/wp\/v2\/posts\/3129\/revisions\/3130"}],"wp:attachment":[{"href":"https:\/\/svetaobitelj.hr\/index.php?rest_route=%2Fwp%2Fv2%2Fmedia&parent=3129"}],"wp:term":[{"taxonomy":"category","embeddable":true,"href":"https:\/\/svetaobitelj.hr\/index.php?rest_route=%2Fwp%2Fv2%2Fcategories&post=3129"},{"taxonomy":"post_tag","embeddable":true,"href":"https:\/\/svetaobitelj.hr\/index.php?rest_route=%2Fwp%2Fv2%2Ftags&post=3129"}],"curies":[{"name":"wp","href":"https:\/\/api.w.org\/{rel}","templated":true}]}}