{"id":3120,"date":"2024-01-26T07:41:25","date_gmt":"2024-01-26T06:41:25","guid":{"rendered":"https:\/\/svetaobitelj.hr\/?p=3120"},"modified":"2024-01-26T07:41:25","modified_gmt":"2024-01-26T06:41:25","slug":"zupne-obavijesti-4-nedjelja-kroz-godinu-5","status":"publish","type":"post","link":"https:\/\/svetaobitelj.hr\/?p=3120","title":{"rendered":"\u017dupne obavijesti: 4. nedjelja kroz godinu"},"content":{"rendered":"\n<p>Slavimo \u010detvrtu nedjelju kroz godinu.<\/p>\n\n\n\n<p>Sutra je biblijski sat nakon ve\u010dernje svete mise.<\/p>\n\n\n\n<p>U utorak je redoviti sastanak \u017eupnih vije\u0107a u 19:30 sati.<\/p>\n\n\n\n<p>U \u010detvrtak je klanjanje pred Presvetim nakon ve\u010dernje svete mise.<\/p>\n\n\n\n<p>U velja\u010di nastavljamo s redovitim \u017eupnim katehezama.<\/p>\n\n\n\n<p>U petak slavimo Prikazanje Gospodinovo, Svije\u0107nicu. Svete mise su u 7:30 i 18:30 sati. Bit \u0107e blagoslov svije\u0107a pod misom, a svije\u0107e \u0107ete mo\u0107i kupiti prije misa.<\/p>\n\n\n\n<p>U subotu slavimo sv. Bla\u017ea, za\u0161titnika od bolesti grla. Svete mise su u 7:30 i 18:30 sati. Blagoslov grla bit \u0107e nakon svetih misa. Prva je subota u mjesecu kada pod ve\u010dernjom svetom misom molimo za duhovna zvanja.<\/p>\n\n\n\n<p>Sljede\u0107e nedjelje slavimo petu nedjelju kroz godinu. Ujedno je prva nedjelja u mjesecu kada se svojim molitvama i nov\u010danim prilozima sje\u0107amo na\u0161ih sjemeni\u0161ta te molimo za duhovna zvanja. Pod jutarnjom svetom misom molit \u0107emo za dobro\u010dinitelje ove na\u0161e crkve i samostana.<\/p>\n\n\n\n<p>Seminar za bra\u010dne parove u organizaciji Bra\u010dnog i obiteljskog savjetovali\u0161ta na\u0161e Nadbiskupije na temu \u201eGranice u bra\u010dnim i obiteljskim odnosima\u201c bit \u0107e odr\u017ean 10. velja\u010de ove godine s po\u010detkom u 8:30 sati u prostorima KBF-a u \u0110akovu. Program \u0107e voditi izv. prof. dr. sc. Tijana Borovac s Fakulteta za odgojne i obrazovne znanosti u Osijeku. Zainteresirani se trebaju prijaviti za Seminar najkasnije do 7. velja\u010de ove godine. Vi\u0161e o Seminaru imate na oglasnoj plo\u010di.<\/p>\n\n\n\n<p>Susret hrvatske katoli\u010dke mlade\u017ei bit \u0107e ove godine u Gospi\u0107u 4. svibnja. Geslo susreta je <em>\u201eRaduj se za svoje mladosti\u201c <\/em>(usp. Prop 11,9). Mladi se za Susret prijavljuju preko interneta odnosno poveznice u suradnji sa svojim \u017eupnikom, pa je potrebno javiti se osobno u \u017eupni ured. Prijave traju do 31. o\u017eujka ove godine.<\/p>\n\n\n\n<p>Zahvalni za va\u0161u pomo\u0107 kojom poma\u017eete obnovu na\u0161ih crkava i samostana nastradalih u potresima, preporu\u010damo se i nadalje va\u0161oj dobroti. Svoj nov\u010dani prilog mo\u017eete dati u posebno ozna\u010denu \u0161krabicu pri izlazu iz crkve ili u \u017eupni ured ili direktno uplatiti na ra\u010dun koji se nalazi na letku.<\/p>\n\n\n\n<p>Molimo sve vas koji jo\u0161 nemate \u017eupnu obiteljsku knji\u017eicu ili je potrebno upisati promjene u postoje\u0107e, da se javite u \u017eupni ured u uredovno vrijeme.<\/p>\n\n\n\n<p>Poti\u010demo zainteresirane za pjevanje i sviranje u na\u0161im crkvenim zborovima (dje\u010dji, ve\u010dernji ili mje\u0161oviti) da se priklju\u010de te da svojim pjevanjem i sviranjem oboga\u0107uju liturgijska slavlja u na\u0161oj \u017eupi.<\/p>\n\n\n\n<p>Kupujte i \u010ditajte katoli\u010dki vjerski tisak.<\/p>\n","protected":false},"excerpt":{"rendered":"<p>Slavimo \u010detvrtu nedjelju kroz godinu. Sutra je biblijski sat nakon ve\u010dernje svete mise. U utorak je redoviti sastanak \u017eupnih vije\u0107a u 19:30 sati. U \u010detvrtak je klanjanje pred Presvetim nakon ve\u010dernje svete mise. U velja\u010di nastavljamo s redovitim \u017eupnim katehezama. U petak slavimo Prikazanje Gospodinovo, Svije\u0107nicu. Svete mise su u 7:30 i 18:30 sati. Bit <a href=\"https:\/\/svetaobitelj.hr\/?p=3120\" class=\"more-link\">[&hellip;]<\/a><\/p>\n","protected":false},"author":2,"featured_media":0,"comment_status":"closed","ping_status":"open","sticky":false,"template":"","format":"standard","meta":{"footnotes":""},"categories":[3],"tags":[],"class_list":["entry","author-","post-3120","post","type-post","status-publish","format-standard","category-zupa"],"_links":{"self":[{"href":"https:\/\/svetaobitelj.hr\/index.php?rest_route=\/wp\/v2\/posts\/3120","targetHints":{"allow":["GET"]}}],"collection":[{"href":"https:\/\/svetaobitelj.hr\/index.php?rest_route=\/wp\/v2\/posts"}],"about":[{"href":"https:\/\/svetaobitelj.hr\/index.php?rest_route=\/wp\/v2\/types\/post"}],"author":[{"embeddable":true,"href":"https:\/\/svetaobitelj.hr\/index.php?rest_route=\/wp\/v2\/users\/2"}],"replies":[{"embeddable":true,"href":"https:\/\/svetaobitelj.hr\/index.php?rest_route=%2Fwp%2Fv2%2Fcomments&post=3120"}],"version-history":[{"count":1,"href":"https:\/\/svetaobitelj.hr\/index.php?rest_route=\/wp\/v2\/posts\/3120\/revisions"}],"predecessor-version":[{"id":3121,"href":"https:\/\/svetaobitelj.hr\/index.php?rest_route=\/wp\/v2\/posts\/3120\/revisions\/3121"}],"wp:attachment":[{"href":"https:\/\/svetaobitelj.hr\/index.php?rest_route=%2Fwp%2Fv2%2Fmedia&parent=3120"}],"wp:term":[{"taxonomy":"category","embeddable":true,"href":"https:\/\/svetaobitelj.hr\/index.php?rest_route=%2Fwp%2Fv2%2Fcategories&post=3120"},{"taxonomy":"post_tag","embeddable":true,"href":"https:\/\/svetaobitelj.hr\/index.php?rest_route=%2Fwp%2Fv2%2Ftags&post=3120"}],"curies":[{"name":"wp","href":"https:\/\/api.w.org\/{rel}","templated":true}]}}