{"id":3116,"date":"2024-01-22T19:19:45","date_gmt":"2024-01-22T18:19:45","guid":{"rendered":"https:\/\/svetaobitelj.hr\/?p=3116"},"modified":"2024-01-22T19:19:46","modified_gmt":"2024-01-22T18:19:46","slug":"posjet-s-mirjam-gadza","status":"publish","type":"post","link":"https:\/\/svetaobitelj.hr\/?p=3116","title":{"rendered":"Posjet s. Mirjam Gad\u017ea"},"content":{"rendered":"\n<figure class=\"wp-block-image size-large\"><img loading=\"lazy\" decoding=\"async\" width=\"478\" height=\"1024\" src=\"https:\/\/svetaobitelj.hr\/wp-content\/uploads\/2024\/01\/slika3-478x1024.jpg\" alt=\"\" class=\"wp-image-3117\" srcset=\"https:\/\/svetaobitelj.hr\/wp-content\/uploads\/2024\/01\/slika3-478x1024.jpg 478w, https:\/\/svetaobitelj.hr\/wp-content\/uploads\/2024\/01\/slika3-140x300.jpg 140w, https:\/\/svetaobitelj.hr\/wp-content\/uploads\/2024\/01\/slika3-768x1647.jpg 768w, https:\/\/svetaobitelj.hr\/wp-content\/uploads\/2024\/01\/slika3-716x1536.jpg 716w, https:\/\/svetaobitelj.hr\/wp-content\/uploads\/2024\/01\/slika3-955x2048.jpg 955w, https:\/\/svetaobitelj.hr\/wp-content\/uploads\/2024\/01\/slika3.jpg 1080w\" sizes=\"auto, (max-width: 478px) 100vw, 478px\" \/><\/figure>\n\n\n\n<p>Provincijalka dru\u017ebe K\u0107eri Milosr\u0111a s. Mirjam Gad\u017ea , u svojoj vizitaciji sestrama posjetila je i na\u0161u \u017eupu gdje je imala susret i s \u017eupnikom fra Dragutinom Bedeni\u010di\u0107em. U srda\u010dnom susretu te kroz boravak u na\u0161oj \u017eupi nekoliko dana, mo\u017eemo re\u0107i da je svojom otvoreno\u0161\u0107u i veselim duhom pokazala primjer kako slu\u017eiti nije vladati nego u kr\u0161\u0107anskom duhu biti otvoren i radostan u susretu s bra\u0107om i sestrama u Kristu,. Draga s. Mirjam, do\u0111ite nam opet!<\/p>\n","protected":false},"excerpt":{"rendered":"<p>Provincijalka dru\u017ebe K\u0107eri Milosr\u0111a s. Mirjam Gad\u017ea , u svojoj vizitaciji sestrama posjetila je i na\u0161u \u017eupu gdje je imala susret i s \u017eupnikom fra Dragutinom Bedeni\u010di\u0107em. U srda\u010dnom susretu te kroz boravak u na\u0161oj \u017eupi nekoliko dana, mo\u017eemo re\u0107i da je svojom otvoreno\u0161\u0107u i veselim duhom pokazala primjer kako slu\u017eiti nije vladati nego u <a href=\"https:\/\/svetaobitelj.hr\/?p=3116\" class=\"more-link\">[&hellip;]<\/a><\/p>\n","protected":false},"author":2,"featured_media":0,"comment_status":"closed","ping_status":"open","sticky":false,"template":"","format":"standard","meta":{"footnotes":""},"categories":[3],"tags":[],"class_list":["entry","author-","post-3116","post","type-post","status-publish","format-standard","category-zupa"],"_links":{"self":[{"href":"https:\/\/svetaobitelj.hr\/index.php?rest_route=\/wp\/v2\/posts\/3116","targetHints":{"allow":["GET"]}}],"collection":[{"href":"https:\/\/svetaobitelj.hr\/index.php?rest_route=\/wp\/v2\/posts"}],"about":[{"href":"https:\/\/svetaobitelj.hr\/index.php?rest_route=\/wp\/v2\/types\/post"}],"author":[{"embeddable":true,"href":"https:\/\/svetaobitelj.hr\/index.php?rest_route=\/wp\/v2\/users\/2"}],"replies":[{"embeddable":true,"href":"https:\/\/svetaobitelj.hr\/index.php?rest_route=%2Fwp%2Fv2%2Fcomments&post=3116"}],"version-history":[{"count":1,"href":"https:\/\/svetaobitelj.hr\/index.php?rest_route=\/wp\/v2\/posts\/3116\/revisions"}],"predecessor-version":[{"id":3118,"href":"https:\/\/svetaobitelj.hr\/index.php?rest_route=\/wp\/v2\/posts\/3116\/revisions\/3118"}],"wp:attachment":[{"href":"https:\/\/svetaobitelj.hr\/index.php?rest_route=%2Fwp%2Fv2%2Fmedia&parent=3116"}],"wp:term":[{"taxonomy":"category","embeddable":true,"href":"https:\/\/svetaobitelj.hr\/index.php?rest_route=%2Fwp%2Fv2%2Fcategories&post=3116"},{"taxonomy":"post_tag","embeddable":true,"href":"https:\/\/svetaobitelj.hr\/index.php?rest_route=%2Fwp%2Fv2%2Ftags&post=3116"}],"curies":[{"name":"wp","href":"https:\/\/api.w.org\/{rel}","templated":true}]}}