{"id":3111,"date":"2024-01-20T09:49:12","date_gmt":"2024-01-20T08:49:12","guid":{"rendered":"http:\/\/svetaobitelj.hr\/?p=3111"},"modified":"2024-01-20T09:49:12","modified_gmt":"2024-01-20T08:49:12","slug":"zupne-obavijesti-3-nedjelja-kroz-godinu-6","status":"publish","type":"post","link":"https:\/\/svetaobitelj.hr\/?p=3111","title":{"rendered":"\u017dupne obavijesti: 3. nedjelja kroz godinu"},"content":{"rendered":"\n<p>Slavimo tre\u0107u nedjelju kroz godinu koja je i Nedjelja Bo\u017eje rije\u010di.<\/p>\n\n\n\n<p>U tijeku je Svjetska ekumenska molitvena osmina za jedinstvo kr\u0161\u0107ana. Ovogodi\u0161nja molitvena osmina kao svoje polazi\u0161te ima biblijski tekst iz evan\u0111elja po Luki (Lk 10, 25-37). Na temelju tog biblijskog teksta uzeto je i geslo pod kojim se slavi: Ljubi Gospodina Boga svojega i svoga bli\u017enjega kao sebe samoga (Lk 10, 27). Osmina u Osijeku zavr\u0161ava 25. sije\u010dnja u \u017eupnoj crkvi sv. \u0106irila i Metoda u 19:00 sati. U na\u0161oj \u017eupnoj crkvi u sklopu ove osmine prigodno molimo za jedinstvo kr\u0161\u0107ana pod ve\u010dernjim svetim misama.<\/p>\n\n\n\n<p>Sljede\u0107e nedjelje slavimo \u010detvrtu nedjelju kroz godinu.<\/p>\n\n\n\n<p>\u017dupnih kateheza nema do velja\u010de.<\/p>\n\n\n\n<p>Susret hrvatske katoli\u010dke mlade\u017ei bit \u0107e ove godine u Gospi\u0107u 4. svibnja. Geslo susreta je \u201eRaduj se za svoje mladosti\u201c (usp. Prop 11,9). Mladi se za Susret prijavljuju preko interneta odnosno poveznice u suradnji sa svojim \u017eupnikom, pa je potrebno javiti se osobno u \u017eupni ured. Prijave traju od 4. sije\u010dnja do 31. o\u017eujka ove godine.<\/p>\n\n\n\n<p>Zahvalni za va\u0161u pomo\u0107 kojom poma\u017eete obnovu na\u0161ih crkava i samostana nastradalih u potresima, preporu\u010damo se i nadalje va\u0161oj dobroti. Svoj nov\u010dani prilog mo\u017eete dati u posebno ozna\u010denu \u0161krabicu pri izlazu iz crkve ili u \u017eupni ured ili direktno uplatiti na ra\u010dun koji se nalazi na plakatu ili letku.<\/p>\n\n\n\n<p>Molimo sve vas koji jo\u0161 nemate \u017eupnu obiteljsku knji\u017eicu ili je potrebno upisati promjene u postoje\u0107e, da se javite u \u017eupni ured u uredovno vrijeme. <\/p>\n\n\n\n<p>Poti\u010demo zainteresirane za pjevanje i sviranje u na\u0161im crkvenim zborovima (dje\u010dji, ve\u010dernji ili mje\u0161oviti) da se priklju\u010de te da svojim pjevanjem i sviranjem oboga\u0107uju liturgijska slavlja u na\u0161oj \u017eupi.<\/p>\n\n\n\n<p>Kupujte i \u010ditajte katoli\u010dki vjerski tisak.<\/p>\n","protected":false},"excerpt":{"rendered":"<p>Slavimo tre\u0107u nedjelju kroz godinu koja je i Nedjelja Bo\u017eje rije\u010di. U tijeku je Svjetska ekumenska molitvena osmina za jedinstvo kr\u0161\u0107ana. Ovogodi\u0161nja molitvena osmina kao svoje polazi\u0161te ima biblijski tekst iz evan\u0111elja po Luki (Lk 10, 25-37). Na temelju tog biblijskog teksta uzeto je i geslo pod kojim se slavi: Ljubi Gospodina Boga svojega i <a href=\"https:\/\/svetaobitelj.hr\/?p=3111\" class=\"more-link\">[&hellip;]<\/a><\/p>\n","protected":false},"author":2,"featured_media":0,"comment_status":"closed","ping_status":"open","sticky":false,"template":"","format":"standard","meta":{"footnotes":""},"categories":[3],"tags":[],"class_list":["entry","author-","post-3111","post","type-post","status-publish","format-standard","category-zupa"],"_links":{"self":[{"href":"https:\/\/svetaobitelj.hr\/index.php?rest_route=\/wp\/v2\/posts\/3111","targetHints":{"allow":["GET"]}}],"collection":[{"href":"https:\/\/svetaobitelj.hr\/index.php?rest_route=\/wp\/v2\/posts"}],"about":[{"href":"https:\/\/svetaobitelj.hr\/index.php?rest_route=\/wp\/v2\/types\/post"}],"author":[{"embeddable":true,"href":"https:\/\/svetaobitelj.hr\/index.php?rest_route=\/wp\/v2\/users\/2"}],"replies":[{"embeddable":true,"href":"https:\/\/svetaobitelj.hr\/index.php?rest_route=%2Fwp%2Fv2%2Fcomments&post=3111"}],"version-history":[{"count":1,"href":"https:\/\/svetaobitelj.hr\/index.php?rest_route=\/wp\/v2\/posts\/3111\/revisions"}],"predecessor-version":[{"id":3112,"href":"https:\/\/svetaobitelj.hr\/index.php?rest_route=\/wp\/v2\/posts\/3111\/revisions\/3112"}],"wp:attachment":[{"href":"https:\/\/svetaobitelj.hr\/index.php?rest_route=%2Fwp%2Fv2%2Fmedia&parent=3111"}],"wp:term":[{"taxonomy":"category","embeddable":true,"href":"https:\/\/svetaobitelj.hr\/index.php?rest_route=%2Fwp%2Fv2%2Fcategories&post=3111"},{"taxonomy":"post_tag","embeddable":true,"href":"https:\/\/svetaobitelj.hr\/index.php?rest_route=%2Fwp%2Fv2%2Ftags&post=3111"}],"curies":[{"name":"wp","href":"https:\/\/api.w.org\/{rel}","templated":true}]}}