{"id":301,"date":"2018-03-31T22:46:20","date_gmt":"2018-03-31T21:46:20","guid":{"rendered":"http:\/\/svetaobitelj.hr\/?p=301"},"modified":"2020-01-29T21:59:02","modified_gmt":"2020-01-29T20:59:02","slug":"vazmeno-bdjenje","status":"publish","type":"post","link":"https:\/\/svetaobitelj.hr\/?p=301","title":{"rendered":"Vazmeno bdjenje"},"content":{"rendered":"<p>Vazmenim bdjenjem u na\u0161oj \u017dupi zapo\u010deli smo proslavu Uskrsa. Upalili smo uskrsnu svije\u0107u, slu\u0161ali izvje\u0161taj povijesti spasenja, obnovili krsna obe\u0107anja i proslavili euharistiju. <strong>Dragi na\u0161i, od srca Vam \u017eelimo sretan i blagoslovljen Uskrs<\/strong> i neka nam Uskrsli Krist bude razlog na\u0161eg \u017eivljenja i poticaj da doista budemo Njegovi.<\/p>\n<p><img loading=\"lazy\" decoding=\"async\" class=\"alignnone wp-image-303\" src=\"http:\/\/svetaobitelj.hr\/wp-content\/uploads\/2018\/03\/Slika1-300x146.jpg\" alt=\"\" width=\"339\" height=\"165\" srcset=\"https:\/\/svetaobitelj.hr\/wp-content\/uploads\/2018\/03\/Slika1-300x146.jpg 300w, https:\/\/svetaobitelj.hr\/wp-content\/uploads\/2018\/03\/Slika1-768x373.jpg 768w, https:\/\/svetaobitelj.hr\/wp-content\/uploads\/2018\/03\/Slika1-1024x498.jpg 1024w\" sizes=\"auto, (max-width: 339px) 100vw, 339px\" \/><img loading=\"lazy\" decoding=\"async\" class=\"size-medium wp-image-302 alignleft\" src=\"http:\/\/svetaobitelj.hr\/wp-content\/uploads\/2018\/03\/Slika-2-300x169.jpg\" alt=\"\" width=\"300\" height=\"169\" srcset=\"https:\/\/svetaobitelj.hr\/wp-content\/uploads\/2018\/03\/Slika-2-300x169.jpg 300w, https:\/\/svetaobitelj.hr\/wp-content\/uploads\/2018\/03\/Slika-2-768x432.jpg 768w, https:\/\/svetaobitelj.hr\/wp-content\/uploads\/2018\/03\/Slika-2-1024x576.jpg 1024w, https:\/\/svetaobitelj.hr\/wp-content\/uploads\/2018\/03\/Slika-2.jpg 1280w\" sizes=\"auto, (max-width: 300px) 100vw, 300px\" \/><\/p>\n","protected":false},"excerpt":{"rendered":"<p>Vazmenim bdjenjem u na\u0161oj \u017dupi zapo\u010deli smo proslavu Uskrsa. Upalili smo uskrsnu svije\u0107u, slu\u0161ali izvje\u0161taj povijesti spasenja, obnovili krsna obe\u0107anja i proslavili euharistiju. Dragi na\u0161i, od srca Vam \u017eelimo sretan i blagoslovljen Uskrs i neka nam Uskrsli Krist bude razlog na\u0161eg \u017eivljenja i poticaj da doista budemo Njegovi.<\/p>\n","protected":false},"author":2,"featured_media":0,"comment_status":"closed","ping_status":"closed","sticky":false,"template":"","format":"standard","meta":{"footnotes":""},"categories":[3],"tags":[],"class_list":["entry","author-","post-301","post","type-post","status-publish","format-standard","category-zupa"],"_links":{"self":[{"href":"https:\/\/svetaobitelj.hr\/index.php?rest_route=\/wp\/v2\/posts\/301","targetHints":{"allow":["GET"]}}],"collection":[{"href":"https:\/\/svetaobitelj.hr\/index.php?rest_route=\/wp\/v2\/posts"}],"about":[{"href":"https:\/\/svetaobitelj.hr\/index.php?rest_route=\/wp\/v2\/types\/post"}],"author":[{"embeddable":true,"href":"https:\/\/svetaobitelj.hr\/index.php?rest_route=\/wp\/v2\/users\/2"}],"replies":[{"embeddable":true,"href":"https:\/\/svetaobitelj.hr\/index.php?rest_route=%2Fwp%2Fv2%2Fcomments&post=301"}],"version-history":[{"count":3,"href":"https:\/\/svetaobitelj.hr\/index.php?rest_route=\/wp\/v2\/posts\/301\/revisions"}],"predecessor-version":[{"id":306,"href":"https:\/\/svetaobitelj.hr\/index.php?rest_route=\/wp\/v2\/posts\/301\/revisions\/306"}],"wp:attachment":[{"href":"https:\/\/svetaobitelj.hr\/index.php?rest_route=%2Fwp%2Fv2%2Fmedia&parent=301"}],"wp:term":[{"taxonomy":"category","embeddable":true,"href":"https:\/\/svetaobitelj.hr\/index.php?rest_route=%2Fwp%2Fv2%2Fcategories&post=301"},{"taxonomy":"post_tag","embeddable":true,"href":"https:\/\/svetaobitelj.hr\/index.php?rest_route=%2Fwp%2Fv2%2Ftags&post=301"}],"curies":[{"name":"wp","href":"https:\/\/api.w.org\/{rel}","templated":true}]}}