{"id":298,"date":"2018-03-31T14:06:29","date_gmt":"2018-03-31T13:06:29","guid":{"rendered":"http:\/\/svetaobitelj.hr\/?p=298"},"modified":"2020-01-29T21:59:11","modified_gmt":"2020-01-29T20:59:11","slug":"susret-ministranata","status":"publish","type":"post","link":"https:\/\/svetaobitelj.hr\/?p=298","title":{"rendered":"Susret ministranata"},"content":{"rendered":"<p>Na Veliku subotu na\u0161i brojni ministranti imali su redoviti susret koji je vodio fra Josip. Dogovoren je raspored ministriranja i skori odlazak na zaslu\u017eeno hodo\u010da\u0161\u0107e. Bogu smo zahvalni na mladim ljudima koji su spremni \u017ertvovati svoje vrijeme slu\u017ee\u0107i Gospodinu i Majci Crkvi.\u00a0 Budimo ponosni na njih \ud83d\ude09<\/p>\n<p><img loading=\"lazy\" decoding=\"async\" class=\"alignnone size-medium wp-image-299\" src=\"http:\/\/svetaobitelj.hr\/wp-content\/uploads\/2018\/03\/slika3-3-300x146.jpg\" alt=\"\" width=\"300\" height=\"146\" srcset=\"https:\/\/svetaobitelj.hr\/wp-content\/uploads\/2018\/03\/slika3-3-300x146.jpg 300w, https:\/\/svetaobitelj.hr\/wp-content\/uploads\/2018\/03\/slika3-3-768x373.jpg 768w, https:\/\/svetaobitelj.hr\/wp-content\/uploads\/2018\/03\/slika3-3-1024x498.jpg 1024w\" sizes=\"auto, (max-width: 300px) 100vw, 300px\" \/><\/p>\n<p>&nbsp;<\/p>\n<p>&nbsp;<\/p>\n","protected":false},"excerpt":{"rendered":"<p>Na Veliku subotu na\u0161i brojni ministranti imali su redoviti susret koji je vodio fra Josip. Dogovoren je raspored ministriranja i skori odlazak na zaslu\u017eeno hodo\u010da\u0161\u0107e. Bogu smo zahvalni na mladim ljudima koji su spremni \u017ertvovati svoje vrijeme slu\u017ee\u0107i Gospodinu i Majci Crkvi.\u00a0 Budimo ponosni na njih \ud83d\ude09 &nbsp; &nbsp;<\/p>\n","protected":false},"author":2,"featured_media":0,"comment_status":"closed","ping_status":"closed","sticky":false,"template":"","format":"standard","meta":{"footnotes":""},"categories":[3],"tags":[],"class_list":["entry","author-","post-298","post","type-post","status-publish","format-standard","category-zupa"],"_links":{"self":[{"href":"https:\/\/svetaobitelj.hr\/index.php?rest_route=\/wp\/v2\/posts\/298","targetHints":{"allow":["GET"]}}],"collection":[{"href":"https:\/\/svetaobitelj.hr\/index.php?rest_route=\/wp\/v2\/posts"}],"about":[{"href":"https:\/\/svetaobitelj.hr\/index.php?rest_route=\/wp\/v2\/types\/post"}],"author":[{"embeddable":true,"href":"https:\/\/svetaobitelj.hr\/index.php?rest_route=\/wp\/v2\/users\/2"}],"replies":[{"embeddable":true,"href":"https:\/\/svetaobitelj.hr\/index.php?rest_route=%2Fwp%2Fv2%2Fcomments&post=298"}],"version-history":[{"count":1,"href":"https:\/\/svetaobitelj.hr\/index.php?rest_route=\/wp\/v2\/posts\/298\/revisions"}],"predecessor-version":[{"id":300,"href":"https:\/\/svetaobitelj.hr\/index.php?rest_route=\/wp\/v2\/posts\/298\/revisions\/300"}],"wp:attachment":[{"href":"https:\/\/svetaobitelj.hr\/index.php?rest_route=%2Fwp%2Fv2%2Fmedia&parent=298"}],"wp:term":[{"taxonomy":"category","embeddable":true,"href":"https:\/\/svetaobitelj.hr\/index.php?rest_route=%2Fwp%2Fv2%2Fcategories&post=298"},{"taxonomy":"post_tag","embeddable":true,"href":"https:\/\/svetaobitelj.hr\/index.php?rest_route=%2Fwp%2Fv2%2Ftags&post=298"}],"curies":[{"name":"wp","href":"https:\/\/api.w.org\/{rel}","templated":true}]}}