{"id":290,"date":"2018-03-31T13:35:03","date_gmt":"2018-03-31T12:35:03","guid":{"rendered":"http:\/\/svetaobitelj.hr\/?p=290"},"modified":"2020-01-29T21:59:11","modified_gmt":"2020-01-29T20:59:11","slug":"velika-subota-isusov-grob","status":"publish","type":"post","link":"https:\/\/svetaobitelj.hr\/?p=290","title":{"rendered":"Velika subota-Isusov grob"},"content":{"rendered":"<p>Na Veliku subotu prisje\u0107amo se kako je Isus bio polo\u017een u grob, ne bi li se ispunilo najve\u0107e otajstvo na\u0161e vjere-Uskrsnu\u0107e na\u0161ega Gospodina. Pomoliti se pred Isusovim grobom, skru\u0161eno i u poniznosti srca te mu zahvaliti za to \u0161to nas je otkupio:ima li ve\u0107e milosti od te?!<br \/>\nI Svemir je utihnuo, jer Kralj spava!!<\/p>\n<p><img loading=\"lazy\" decoding=\"async\" class=\"alignnone size-medium wp-image-291\" src=\"http:\/\/svetaobitelj.hr\/wp-content\/uploads\/2018\/03\/slika1-2-146x300.jpg\" alt=\"\" width=\"146\" height=\"300\" srcset=\"https:\/\/svetaobitelj.hr\/wp-content\/uploads\/2018\/03\/slika1-2-146x300.jpg 146w, https:\/\/svetaobitelj.hr\/wp-content\/uploads\/2018\/03\/slika1-2-768x1579.jpg 768w, https:\/\/svetaobitelj.hr\/wp-content\/uploads\/2018\/03\/slika1-2-498x1024.jpg 498w, https:\/\/svetaobitelj.hr\/wp-content\/uploads\/2018\/03\/slika1-2.jpg 1080w\" sizes=\"auto, (max-width: 146px) 100vw, 146px\" \/><img loading=\"lazy\" decoding=\"async\" class=\"wp-image-292 size-medium alignleft\" src=\"http:\/\/svetaobitelj.hr\/wp-content\/uploads\/2018\/03\/slika2-4-e1522499727683-146x300.jpg\" alt=\"\" width=\"146\" height=\"300\" srcset=\"https:\/\/svetaobitelj.hr\/wp-content\/uploads\/2018\/03\/slika2-4-e1522499727683-146x300.jpg 146w, https:\/\/svetaobitelj.hr\/wp-content\/uploads\/2018\/03\/slika2-4-e1522499727683-768x1580.jpg 768w, https:\/\/svetaobitelj.hr\/wp-content\/uploads\/2018\/03\/slika2-4-e1522499727683-498x1024.jpg 498w, https:\/\/svetaobitelj.hr\/wp-content\/uploads\/2018\/03\/slika2-4-e1522499727683.jpg 1960w\" sizes=\"auto, (max-width: 146px) 100vw, 146px\" \/><\/p>\n","protected":false},"excerpt":{"rendered":"<p>Na Veliku subotu prisje\u0107amo se kako je Isus bio polo\u017een u grob, ne bi li se ispunilo najve\u0107e otajstvo na\u0161e vjere-Uskrsnu\u0107e na\u0161ega Gospodina. Pomoliti se pred Isusovim grobom, skru\u0161eno i u poniznosti srca te mu zahvaliti za to \u0161to nas je otkupio:ima li ve\u0107e milosti od te?! I Svemir je utihnuo, jer Kralj spava!!<\/p>\n","protected":false},"author":2,"featured_media":0,"comment_status":"closed","ping_status":"closed","sticky":false,"template":"","format":"standard","meta":{"footnotes":""},"categories":[3],"tags":[],"class_list":["entry","author-","post-290","post","type-post","status-publish","format-standard","category-zupa"],"_links":{"self":[{"href":"https:\/\/svetaobitelj.hr\/index.php?rest_route=\/wp\/v2\/posts\/290","targetHints":{"allow":["GET"]}}],"collection":[{"href":"https:\/\/svetaobitelj.hr\/index.php?rest_route=\/wp\/v2\/posts"}],"about":[{"href":"https:\/\/svetaobitelj.hr\/index.php?rest_route=\/wp\/v2\/types\/post"}],"author":[{"embeddable":true,"href":"https:\/\/svetaobitelj.hr\/index.php?rest_route=\/wp\/v2\/users\/2"}],"replies":[{"embeddable":true,"href":"https:\/\/svetaobitelj.hr\/index.php?rest_route=%2Fwp%2Fv2%2Fcomments&post=290"}],"version-history":[{"count":3,"href":"https:\/\/svetaobitelj.hr\/index.php?rest_route=\/wp\/v2\/posts\/290\/revisions"}],"predecessor-version":[{"id":295,"href":"https:\/\/svetaobitelj.hr\/index.php?rest_route=\/wp\/v2\/posts\/290\/revisions\/295"}],"wp:attachment":[{"href":"https:\/\/svetaobitelj.hr\/index.php?rest_route=%2Fwp%2Fv2%2Fmedia&parent=290"}],"wp:term":[{"taxonomy":"category","embeddable":true,"href":"https:\/\/svetaobitelj.hr\/index.php?rest_route=%2Fwp%2Fv2%2Fcategories&post=290"},{"taxonomy":"post_tag","embeddable":true,"href":"https:\/\/svetaobitelj.hr\/index.php?rest_route=%2Fwp%2Fv2%2Ftags&post=290"}],"curies":[{"name":"wp","href":"https:\/\/api.w.org\/{rel}","templated":true}]}}