{"id":282,"date":"2018-03-30T19:34:12","date_gmt":"2018-03-30T18:34:12","guid":{"rendered":"http:\/\/svetaobitelj.hr\/?p=282"},"modified":"2020-01-29T21:59:11","modified_gmt":"2020-01-29T20:59:11","slug":"obredi-velikoga-petka","status":"publish","type":"post","link":"https:\/\/svetaobitelj.hr\/?p=282","title":{"rendered":"Obredi Velikoga petka"},"content":{"rendered":"<p>Veliki petak- dan muke i smrti na\u0161ega Gospodina Isusa Krista!<\/p>\n<p>Obrede Velikoga petka zapo\u010deli smo prostracijom sve\u0107enika pred oltarom, nakon \u010dega je slijedila Slu\u017eba Rije\u010di, klanjanje Kri\u017eu i Pri\u010dest. Obrede je vodio fra Dragutin zajedno sa fra Josipom i velikim brojem ministranata kao i ostalim vjernicima. U ti\u0161ini, dostojanstveno, kako i prili\u010di, poklonili smo se pred Drvom Kri\u017ea na\u0161ega Spasitelja i Otkupitelja te oti\u0161li svojim domovima razmi\u0161ljaju\u0107i o pregorkoj muci Isusovoj, Njegovoj smrti i \u0161to i koliko nam ona predstavlja.<\/p>\n<p>Zapitaj se \u010dovje\u010de u ti\u0161ini svoga srca-\u0161to za tebe zna\u010di \u010dinjenica da je Isus umro za tebe, za nas????<\/p>\n<p>&nbsp;<\/p>\n<p><img loading=\"lazy\" decoding=\"async\" class=\"size-medium wp-image-283 alignleft\" src=\"http:\/\/svetaobitelj.hr\/wp-content\/uploads\/2018\/03\/slika1-146x300.jpg\" alt=\"\" width=\"146\" height=\"300\" srcset=\"https:\/\/svetaobitelj.hr\/wp-content\/uploads\/2018\/03\/slika1-146x300.jpg 146w, https:\/\/svetaobitelj.hr\/wp-content\/uploads\/2018\/03\/slika1-768x1579.jpg 768w, https:\/\/svetaobitelj.hr\/wp-content\/uploads\/2018\/03\/slika1-498x1024.jpg 498w, https:\/\/svetaobitelj.hr\/wp-content\/uploads\/2018\/03\/slika1.jpg 1080w\" sizes=\"auto, (max-width: 146px) 100vw, 146px\" \/> <img loading=\"lazy\" decoding=\"async\" class=\"wp-image-284 size-medium alignleft\" src=\"http:\/\/svetaobitelj.hr\/wp-content\/uploads\/2018\/03\/slika2-3-e1522434804682-146x300.jpg\" alt=\"\" width=\"146\" height=\"300\" srcset=\"https:\/\/svetaobitelj.hr\/wp-content\/uploads\/2018\/03\/slika2-3-e1522434804682-146x300.jpg 146w, https:\/\/svetaobitelj.hr\/wp-content\/uploads\/2018\/03\/slika2-3-e1522434804682-768x1580.jpg 768w, https:\/\/svetaobitelj.hr\/wp-content\/uploads\/2018\/03\/slika2-3-e1522434804682-498x1024.jpg 498w, https:\/\/svetaobitelj.hr\/wp-content\/uploads\/2018\/03\/slika2-3-e1522434804682.jpg 1960w\" sizes=\"auto, (max-width: 146px) 100vw, 146px\" \/> <img loading=\"lazy\" decoding=\"async\" class=\"wp-image-285 size-medium alignleft\" src=\"http:\/\/svetaobitelj.hr\/wp-content\/uploads\/2018\/03\/slika3-2-e1522434821218-146x300.jpg\" alt=\"\" width=\"146\" height=\"300\" srcset=\"https:\/\/svetaobitelj.hr\/wp-content\/uploads\/2018\/03\/slika3-2-e1522434821218-146x300.jpg 146w, https:\/\/svetaobitelj.hr\/wp-content\/uploads\/2018\/03\/slika3-2-e1522434821218-768x1580.jpg 768w, https:\/\/svetaobitelj.hr\/wp-content\/uploads\/2018\/03\/slika3-2-e1522434821218-498x1024.jpg 498w, https:\/\/svetaobitelj.hr\/wp-content\/uploads\/2018\/03\/slika3-2-e1522434821218.jpg 1960w\" sizes=\"auto, (max-width: 146px) 100vw, 146px\" \/><\/p>\n","protected":false},"excerpt":{"rendered":"<p>Veliki petak- dan muke i smrti na\u0161ega Gospodina Isusa Krista! Obrede Velikoga petka zapo\u010deli smo prostracijom sve\u0107enika pred oltarom, nakon \u010dega je slijedila Slu\u017eba Rije\u010di, klanjanje Kri\u017eu i Pri\u010dest. Obrede je vodio fra Dragutin zajedno sa fra Josipom i velikim brojem ministranata kao i ostalim vjernicima. U ti\u0161ini, dostojanstveno, kako i prili\u010di, poklonili smo se <a href=\"https:\/\/svetaobitelj.hr\/?p=282\" class=\"more-link\">[&hellip;]<\/a><\/p>\n","protected":false},"author":2,"featured_media":0,"comment_status":"closed","ping_status":"closed","sticky":false,"template":"","format":"standard","meta":{"footnotes":""},"categories":[3],"tags":[],"class_list":["entry","author-","post-282","post","type-post","status-publish","format-standard","category-zupa"],"_links":{"self":[{"href":"https:\/\/svetaobitelj.hr\/index.php?rest_route=\/wp\/v2\/posts\/282","targetHints":{"allow":["GET"]}}],"collection":[{"href":"https:\/\/svetaobitelj.hr\/index.php?rest_route=\/wp\/v2\/posts"}],"about":[{"href":"https:\/\/svetaobitelj.hr\/index.php?rest_route=\/wp\/v2\/types\/post"}],"author":[{"embeddable":true,"href":"https:\/\/svetaobitelj.hr\/index.php?rest_route=\/wp\/v2\/users\/2"}],"replies":[{"embeddable":true,"href":"https:\/\/svetaobitelj.hr\/index.php?rest_route=%2Fwp%2Fv2%2Fcomments&post=282"}],"version-history":[{"count":1,"href":"https:\/\/svetaobitelj.hr\/index.php?rest_route=\/wp\/v2\/posts\/282\/revisions"}],"predecessor-version":[{"id":286,"href":"https:\/\/svetaobitelj.hr\/index.php?rest_route=\/wp\/v2\/posts\/282\/revisions\/286"}],"wp:attachment":[{"href":"https:\/\/svetaobitelj.hr\/index.php?rest_route=%2Fwp%2Fv2%2Fmedia&parent=282"}],"wp:term":[{"taxonomy":"category","embeddable":true,"href":"https:\/\/svetaobitelj.hr\/index.php?rest_route=%2Fwp%2Fv2%2Fcategories&post=282"},{"taxonomy":"post_tag","embeddable":true,"href":"https:\/\/svetaobitelj.hr\/index.php?rest_route=%2Fwp%2Fv2%2Ftags&post=282"}],"curies":[{"name":"wp","href":"https:\/\/api.w.org\/{rel}","templated":true}]}}