{"id":2748,"date":"2023-04-22T17:05:28","date_gmt":"2023-04-22T16:05:28","guid":{"rendered":"https:\/\/svetaobitelj.hr\/?p=2748"},"modified":"2023-04-22T17:05:28","modified_gmt":"2023-04-22T16:05:28","slug":"zupne-obavijesti-3-vazmena-nedjelja-4","status":"publish","type":"post","link":"https:\/\/svetaobitelj.hr\/?p=2748","title":{"rendered":"\u017dupne obavijesti: 3. vazmena nedjelja"},"content":{"rendered":"\n<p>Slavimo tre\u0107u vazmenu nedjelju.<\/p>\n\n\n\n<p>Protekli je tjedan u Samoboru, u Ku\u0107i susreta Tabor, odr\u017ean redoviti Kapitul na\u0161e Hrvatske franjeva\u010dke provincije sv. \u0106irila i Metoda. Me\u0111u ostalim izabrani su i novi definitori koji uz provincijala i vikara upravljaju na\u0161om Provincijom: fra Zdravko Lazi\u0107, fra Ivan Mati\u0107, fra Krunoslav Kocijan, fra Goran Malenica, fra Marko Pusti\u0161ek i fra Franjo Vuk. <\/p>\n\n\n\n<p>Sutra je biblijski sat nakon ve\u010dernje svete mise.<\/p>\n\n\n\n<p>U utorak je pobo\u017enost na \u010dast sv. Antunu Padovanskom u 18:15 sati. <\/p>\n\n\n\n<p>U srijedu je u Vikarijatu s po\u010detkom u 19:30 sati molitveno \u2013 glazbena ve\u010der \u201eS Kristom u molitvi i pjesmi\u201c. Vi\u0161e o tome imate na oglasnoj plo\u010di. U 20:00 sati mons. Ivan \u0106uri\u0107, pomo\u0107ni biskup u na\u0161oj nadbiskupiji, imat \u0107e susret s ovogodi\u0161njim kandidatima za svetu Potvrdu u na\u0161oj \u017eupi. <\/p>\n\n\n\n<p>U \u010detvrtak \u0107e biti klanjanje pred Presvetim nakon ve\u010dernje svete mise kao priprava za slavlje svete Potvrde u na\u0161oj \u017dupi i slavlje Nedjelje Dobroga Pastira.<\/p>\n\n\n\n<p>U petak je ispovijed ovogodi\u0161njih kandidata za svetu Potvrdu u 9:00 i u 15:00 sati.<\/p>\n\n\n\n<p>U subotu je sveta misa u 16:00 sati pod kojom \u0107e mons. Ivan \u0106uri\u0107, pomo\u0107ni biskup u na\u0161oj nadbiskupiji, podijeliti sakrament svete Potvrde. Ne\u0107e biti svete mise u 18:30 sati.<\/p>\n\n\n\n<p>Sljede\u0107e nedjelje slavimo \u010detvrtu vazmenu nedjelju koja je ujedno i Nedjelja Dobrog Pastira. Nakana jutarnje svete mise bit \u0107e za sve\u0107eni\u010dka i redovni\u010dka zvanja, a nakon svetih misa prikupljat \u0107emo nov\u010dane priloge za na\u0161e odgojne ustanove \u2013 sjemeni\u0161ta.<\/p>\n\n\n\n<p>Zahvalni za va\u0161u pomo\u0107 kojom poma\u017eete obnovu na\u0161ih crkava i samostana nastradalih u potresima, preporu\u010damo se i nadalje va\u0161oj dobroti.<\/p>\n\n\n\n<p>Molimo sve vas koji jo\u0161 nemate \u017eupnu obiteljsku knji\u017eicu ili je potrebno upisati promjene u postoje\u0107e, da se javite u \u017eupni ured.<\/p>\n\n\n\n<p>Kupujte i \u010ditajte katoli\u010dki vjerski tisak.<\/p>\n","protected":false},"excerpt":{"rendered":"<p>Slavimo tre\u0107u vazmenu nedjelju. Protekli je tjedan u Samoboru, u Ku\u0107i susreta Tabor, odr\u017ean redoviti Kapitul na\u0161e Hrvatske franjeva\u010dke provincije sv. \u0106irila i Metoda. Me\u0111u ostalim izabrani su i novi definitori koji uz provincijala i vikara upravljaju na\u0161om Provincijom: fra Zdravko Lazi\u0107, fra Ivan Mati\u0107, fra Krunoslav Kocijan, fra Goran Malenica, fra Marko Pusti\u0161ek i <a href=\"https:\/\/svetaobitelj.hr\/?p=2748\" class=\"more-link\">[&hellip;]<\/a><\/p>\n","protected":false},"author":2,"featured_media":0,"comment_status":"closed","ping_status":"open","sticky":false,"template":"","format":"standard","meta":{"footnotes":""},"categories":[3],"tags":[],"class_list":["entry","author-","post-2748","post","type-post","status-publish","format-standard","category-zupa"],"_links":{"self":[{"href":"https:\/\/svetaobitelj.hr\/index.php?rest_route=\/wp\/v2\/posts\/2748","targetHints":{"allow":["GET"]}}],"collection":[{"href":"https:\/\/svetaobitelj.hr\/index.php?rest_route=\/wp\/v2\/posts"}],"about":[{"href":"https:\/\/svetaobitelj.hr\/index.php?rest_route=\/wp\/v2\/types\/post"}],"author":[{"embeddable":true,"href":"https:\/\/svetaobitelj.hr\/index.php?rest_route=\/wp\/v2\/users\/2"}],"replies":[{"embeddable":true,"href":"https:\/\/svetaobitelj.hr\/index.php?rest_route=%2Fwp%2Fv2%2Fcomments&post=2748"}],"version-history":[{"count":1,"href":"https:\/\/svetaobitelj.hr\/index.php?rest_route=\/wp\/v2\/posts\/2748\/revisions"}],"predecessor-version":[{"id":2749,"href":"https:\/\/svetaobitelj.hr\/index.php?rest_route=\/wp\/v2\/posts\/2748\/revisions\/2749"}],"wp:attachment":[{"href":"https:\/\/svetaobitelj.hr\/index.php?rest_route=%2Fwp%2Fv2%2Fmedia&parent=2748"}],"wp:term":[{"taxonomy":"category","embeddable":true,"href":"https:\/\/svetaobitelj.hr\/index.php?rest_route=%2Fwp%2Fv2%2Fcategories&post=2748"},{"taxonomy":"post_tag","embeddable":true,"href":"https:\/\/svetaobitelj.hr\/index.php?rest_route=%2Fwp%2Fv2%2Ftags&post=2748"}],"curies":[{"name":"wp","href":"https:\/\/api.w.org\/{rel}","templated":true}]}}