{"id":2744,"date":"2023-04-18T10:42:31","date_gmt":"2023-04-18T09:42:31","guid":{"rendered":"http:\/\/svetaobitelj.hr\/?p=2744"},"modified":"2023-05-19T11:16:03","modified_gmt":"2023-05-19T10:16:03","slug":"izabrani-novi-definitori-hrvatske-franjevacke-provincije-sv-cirila-i-metoda","status":"publish","type":"post","link":"https:\/\/svetaobitelj.hr\/?p=2744","title":{"rendered":"Izabrani novi definitori Hrvatske franjeva\u010dke provincije sv. \u0106irila i Metoda"},"content":{"rendered":"\n<figure class=\"wp-block-image size-large\"><img loading=\"lazy\" decoding=\"async\" width=\"1024\" height=\"792\" src=\"http:\/\/svetaobitelj.hr\/wp-content\/uploads\/2023\/04\/Screenshot_20230418_114019_Gallery-1-1024x792.jpg\" alt=\"\" class=\"wp-image-2745\" srcset=\"https:\/\/svetaobitelj.hr\/wp-content\/uploads\/2023\/04\/Screenshot_20230418_114019_Gallery-1-1024x792.jpg 1024w, https:\/\/svetaobitelj.hr\/wp-content\/uploads\/2023\/04\/Screenshot_20230418_114019_Gallery-1-300x232.jpg 300w, https:\/\/svetaobitelj.hr\/wp-content\/uploads\/2023\/04\/Screenshot_20230418_114019_Gallery-1-768x594.jpg 768w, https:\/\/svetaobitelj.hr\/wp-content\/uploads\/2023\/04\/Screenshot_20230418_114019_Gallery-1.jpg 1055w\" sizes=\"auto, (max-width: 1024px) 100vw, 1024px\" \/><\/figure>\n\n\n\n<p>Na izbornoj sjednici 42. redovitog provincijskog kapitula koji se slavi u Ku\u0107i susreta Tabor u Samoboru u utorak 18. travnja 2023. godine izabrani su novi definitori.<\/p>\n\n\n\n<p>Za definitore su izabrani: fra Marko Pusti\u0161ek, fra Franjo Vuk, fra Krunoslav Kocijan, fra Goran Malenica, fra Zdravko Lazi\u0107 i fra Ivan Mati\u0107. Novi definitori u sljede\u0107e tri godine upravljat \u0107e provincijom u zajedni\u0161tvu s fra Milanom Kri\u0161tom, provincijalnim ministrom i fra Dragutinom Bedeni\u010di\u0107em, vikarom provincije.<\/p>\n","protected":false},"excerpt":{"rendered":"<p>Na izbornoj sjednici 42. redovitog provincijskog kapitula koji se slavi u Ku\u0107i susreta Tabor u Samoboru u utorak 18. travnja 2023. godine izabrani su novi definitori. Za definitore su izabrani: fra Marko Pusti\u0161ek, fra Franjo Vuk, fra Krunoslav Kocijan, fra Goran Malenica, fra Zdravko Lazi\u0107 i fra Ivan Mati\u0107. Novi definitori u sljede\u0107e tri godine <a href=\"https:\/\/svetaobitelj.hr\/?p=2744\" class=\"more-link\">[&hellip;]<\/a><\/p>\n","protected":false},"author":2,"featured_media":0,"comment_status":"closed","ping_status":"open","sticky":false,"template":"","format":"standard","meta":{"footnotes":""},"categories":[3],"tags":[],"class_list":["entry","author-","post-2744","post","type-post","status-publish","format-standard","category-zupa"],"_links":{"self":[{"href":"https:\/\/svetaobitelj.hr\/index.php?rest_route=\/wp\/v2\/posts\/2744","targetHints":{"allow":["GET"]}}],"collection":[{"href":"https:\/\/svetaobitelj.hr\/index.php?rest_route=\/wp\/v2\/posts"}],"about":[{"href":"https:\/\/svetaobitelj.hr\/index.php?rest_route=\/wp\/v2\/types\/post"}],"author":[{"embeddable":true,"href":"https:\/\/svetaobitelj.hr\/index.php?rest_route=\/wp\/v2\/users\/2"}],"replies":[{"embeddable":true,"href":"https:\/\/svetaobitelj.hr\/index.php?rest_route=%2Fwp%2Fv2%2Fcomments&post=2744"}],"version-history":[{"count":2,"href":"https:\/\/svetaobitelj.hr\/index.php?rest_route=\/wp\/v2\/posts\/2744\/revisions"}],"predecessor-version":[{"id":2778,"href":"https:\/\/svetaobitelj.hr\/index.php?rest_route=\/wp\/v2\/posts\/2744\/revisions\/2778"}],"wp:attachment":[{"href":"https:\/\/svetaobitelj.hr\/index.php?rest_route=%2Fwp%2Fv2%2Fmedia&parent=2744"}],"wp:term":[{"taxonomy":"category","embeddable":true,"href":"https:\/\/svetaobitelj.hr\/index.php?rest_route=%2Fwp%2Fv2%2Fcategories&post=2744"},{"taxonomy":"post_tag","embeddable":true,"href":"https:\/\/svetaobitelj.hr\/index.php?rest_route=%2Fwp%2Fv2%2Ftags&post=2744"}],"curies":[{"name":"wp","href":"https:\/\/api.w.org\/{rel}","templated":true}]}}