{"id":2730,"date":"2023-04-13T07:15:00","date_gmt":"2023-04-13T06:15:00","guid":{"rendered":"https:\/\/svetaobitelj.hr\/?p=2730"},"modified":"2023-04-13T07:15:01","modified_gmt":"2023-04-13T06:15:01","slug":"vazmeno-bdjenje-2","status":"publish","type":"post","link":"https:\/\/svetaobitelj.hr\/?p=2730","title":{"rendered":"Vazmeno bdjenje&#8230;"},"content":{"rendered":"\n<div class=\"wp-block-image\"><figure class=\"aligncenter size-large\"><img loading=\"lazy\" decoding=\"async\" width=\"1024\" height=\"1024\" src=\"https:\/\/svetaobitelj.hr\/wp-content\/uploads\/2023\/04\/Subota1-1024x1024.jpg\" alt=\"\" class=\"wp-image-2731\" srcset=\"https:\/\/svetaobitelj.hr\/wp-content\/uploads\/2023\/04\/Subota1-1024x1024.jpg 1024w, https:\/\/svetaobitelj.hr\/wp-content\/uploads\/2023\/04\/Subota1-300x300.jpg 300w, https:\/\/svetaobitelj.hr\/wp-content\/uploads\/2023\/04\/Subota1-150x150.jpg 150w, https:\/\/svetaobitelj.hr\/wp-content\/uploads\/2023\/04\/Subota1-768x768.jpg 768w, https:\/\/svetaobitelj.hr\/wp-content\/uploads\/2023\/04\/Subota1-1536x1536.jpg 1536w, https:\/\/svetaobitelj.hr\/wp-content\/uploads\/2023\/04\/Subota1.jpg 1600w\" sizes=\"auto, (max-width: 1024px) 100vw, 1024px\" \/><\/figure><\/div>\n\n\n\n<p>Vazmenim bdjenjem u na\u0161oj \u017dupi zapo\u010deli smo proslavu Uskrsa. <\/p>\n\n\n\n<figure class=\"wp-block-image size-large\"><img loading=\"lazy\" decoding=\"async\" width=\"1024\" height=\"1024\" src=\"https:\/\/svetaobitelj.hr\/wp-content\/uploads\/2023\/04\/Subota-2-1024x1024.jpg\" alt=\"\" class=\"wp-image-2732\" srcset=\"https:\/\/svetaobitelj.hr\/wp-content\/uploads\/2023\/04\/Subota-2-1024x1024.jpg 1024w, https:\/\/svetaobitelj.hr\/wp-content\/uploads\/2023\/04\/Subota-2-300x300.jpg 300w, https:\/\/svetaobitelj.hr\/wp-content\/uploads\/2023\/04\/Subota-2-150x150.jpg 150w, https:\/\/svetaobitelj.hr\/wp-content\/uploads\/2023\/04\/Subota-2-768x768.jpg 768w, https:\/\/svetaobitelj.hr\/wp-content\/uploads\/2023\/04\/Subota-2-1536x1536.jpg 1536w, https:\/\/svetaobitelj.hr\/wp-content\/uploads\/2023\/04\/Subota-2.jpg 1600w\" sizes=\"auto, (max-width: 1024px) 100vw, 1024px\" \/><\/figure>\n\n\n\n<p>Upalili smo uskrsnu svije\u0107u, slu\u0161ali izvje\u0161taj povijesti spasenja, obnovili krsna obe\u0107anja i proslavili euharistiju.<\/p>\n\n\n\n<div class=\"wp-block-image\"><figure class=\"aligncenter size-large\"><img loading=\"lazy\" decoding=\"async\" width=\"1024\" height=\"1024\" src=\"https:\/\/svetaobitelj.hr\/wp-content\/uploads\/2023\/04\/Subota-3-1024x1024.jpg\" alt=\"\" class=\"wp-image-2733\" srcset=\"https:\/\/svetaobitelj.hr\/wp-content\/uploads\/2023\/04\/Subota-3-1024x1024.jpg 1024w, https:\/\/svetaobitelj.hr\/wp-content\/uploads\/2023\/04\/Subota-3-300x300.jpg 300w, https:\/\/svetaobitelj.hr\/wp-content\/uploads\/2023\/04\/Subota-3-150x150.jpg 150w, https:\/\/svetaobitelj.hr\/wp-content\/uploads\/2023\/04\/Subota-3-768x768.jpg 768w, https:\/\/svetaobitelj.hr\/wp-content\/uploads\/2023\/04\/Subota-3-1536x1536.jpg 1536w, https:\/\/svetaobitelj.hr\/wp-content\/uploads\/2023\/04\/Subota-3.jpg 1600w\" sizes=\"auto, (max-width: 1024px) 100vw, 1024px\" \/><\/figure><\/div>\n\n\n\n<p>I na kraju blagoslovili jelo koje \u0107emo blagovati na Uskrs&#8230;<\/p>\n\n\n\n<div class=\"wp-block-image\"><figure class=\"aligncenter size-large\"><img loading=\"lazy\" decoding=\"async\" width=\"1024\" height=\"1024\" src=\"https:\/\/svetaobitelj.hr\/wp-content\/uploads\/2023\/04\/Blagoslov-jela-1024x1024.jpg\" alt=\"\" class=\"wp-image-2734\" srcset=\"https:\/\/svetaobitelj.hr\/wp-content\/uploads\/2023\/04\/Blagoslov-jela-1024x1024.jpg 1024w, https:\/\/svetaobitelj.hr\/wp-content\/uploads\/2023\/04\/Blagoslov-jela-300x300.jpg 300w, https:\/\/svetaobitelj.hr\/wp-content\/uploads\/2023\/04\/Blagoslov-jela-150x150.jpg 150w, https:\/\/svetaobitelj.hr\/wp-content\/uploads\/2023\/04\/Blagoslov-jela-768x768.jpg 768w, https:\/\/svetaobitelj.hr\/wp-content\/uploads\/2023\/04\/Blagoslov-jela-1536x1536.jpg 1536w, https:\/\/svetaobitelj.hr\/wp-content\/uploads\/2023\/04\/Blagoslov-jela.jpg 1600w\" sizes=\"auto, (max-width: 1024px) 100vw, 1024px\" \/><\/figure><\/div>\n","protected":false},"excerpt":{"rendered":"<p>Vazmenim bdjenjem u na\u0161oj \u017dupi zapo\u010deli smo proslavu Uskrsa. Upalili smo uskrsnu svije\u0107u, slu\u0161ali izvje\u0161taj povijesti spasenja, obnovili krsna obe\u0107anja i proslavili euharistiju. I na kraju blagoslovili jelo koje \u0107emo blagovati na Uskrs&#8230;<\/p>\n","protected":false},"author":2,"featured_media":0,"comment_status":"closed","ping_status":"open","sticky":false,"template":"","format":"standard","meta":{"footnotes":""},"categories":[3],"tags":[],"class_list":["entry","author-","post-2730","post","type-post","status-publish","format-standard","category-zupa"],"_links":{"self":[{"href":"https:\/\/svetaobitelj.hr\/index.php?rest_route=\/wp\/v2\/posts\/2730","targetHints":{"allow":["GET"]}}],"collection":[{"href":"https:\/\/svetaobitelj.hr\/index.php?rest_route=\/wp\/v2\/posts"}],"about":[{"href":"https:\/\/svetaobitelj.hr\/index.php?rest_route=\/wp\/v2\/types\/post"}],"author":[{"embeddable":true,"href":"https:\/\/svetaobitelj.hr\/index.php?rest_route=\/wp\/v2\/users\/2"}],"replies":[{"embeddable":true,"href":"https:\/\/svetaobitelj.hr\/index.php?rest_route=%2Fwp%2Fv2%2Fcomments&post=2730"}],"version-history":[{"count":1,"href":"https:\/\/svetaobitelj.hr\/index.php?rest_route=\/wp\/v2\/posts\/2730\/revisions"}],"predecessor-version":[{"id":2735,"href":"https:\/\/svetaobitelj.hr\/index.php?rest_route=\/wp\/v2\/posts\/2730\/revisions\/2735"}],"wp:attachment":[{"href":"https:\/\/svetaobitelj.hr\/index.php?rest_route=%2Fwp%2Fv2%2Fmedia&parent=2730"}],"wp:term":[{"taxonomy":"category","embeddable":true,"href":"https:\/\/svetaobitelj.hr\/index.php?rest_route=%2Fwp%2Fv2%2Fcategories&post=2730"},{"taxonomy":"post_tag","embeddable":true,"href":"https:\/\/svetaobitelj.hr\/index.php?rest_route=%2Fwp%2Fv2%2Ftags&post=2730"}],"curies":[{"name":"wp","href":"https:\/\/api.w.org\/{rel}","templated":true}]}}