{"id":2722,"date":"2023-04-13T07:05:27","date_gmt":"2023-04-13T06:05:27","guid":{"rendered":"https:\/\/svetaobitelj.hr\/?p=2722"},"modified":"2023-04-13T07:05:27","modified_gmt":"2023-04-13T06:05:27","slug":"veliki-petak-2","status":"publish","type":"post","link":"https:\/\/svetaobitelj.hr\/?p=2722","title":{"rendered":"Veliki petak"},"content":{"rendered":"\n<div class=\"wp-block-image\"><figure class=\"aligncenter size-large\"><img loading=\"lazy\" decoding=\"async\" width=\"1024\" height=\"1024\" src=\"https:\/\/svetaobitelj.hr\/wp-content\/uploads\/2023\/04\/Petak-2-1024x1024.jpg\" alt=\"\" class=\"wp-image-2723\" srcset=\"https:\/\/svetaobitelj.hr\/wp-content\/uploads\/2023\/04\/Petak-2-1024x1024.jpg 1024w, https:\/\/svetaobitelj.hr\/wp-content\/uploads\/2023\/04\/Petak-2-300x300.jpg 300w, https:\/\/svetaobitelj.hr\/wp-content\/uploads\/2023\/04\/Petak-2-150x150.jpg 150w, https:\/\/svetaobitelj.hr\/wp-content\/uploads\/2023\/04\/Petak-2-768x768.jpg 768w, https:\/\/svetaobitelj.hr\/wp-content\/uploads\/2023\/04\/Petak-2-1536x1536.jpg 1536w, https:\/\/svetaobitelj.hr\/wp-content\/uploads\/2023\/04\/Petak-2.jpg 1600w\" sizes=\"auto, (max-width: 1024px) 100vw, 1024px\" \/><\/figure><\/div>\n\n\n\n<p><\/p>\n\n\n\n<p>Obrede Velikoga petka zapo\u010deli smo prostracijom sve\u0107enika pred oltarom, nakon \u010dega je slijedila Slu\u017eba Rije\u010di, klanjanje Kri\u017eu i Pri\u010dest. Obrede je vodio fra Dragutin zajedno sa fra Ivanom i velikim brojem ministranata kao i ostalim vjernicima. U ti\u0161ini, dostojanstveno, kako i prili\u010di, poklonili smo se pred Drvom Kri\u017ea na\u0161ega Spasitelja i Otkupitelja te oti\u0161li svojim domovima razmi\u0161ljaju\u0107i o pregorkoj muci Isusovoj, njegovoj smrti i \u0161to i koliko nam ona predstavlja.<\/p>\n","protected":false},"excerpt":{"rendered":"<p>Obrede Velikoga petka zapo\u010deli smo prostracijom sve\u0107enika pred oltarom, nakon \u010dega je slijedila Slu\u017eba Rije\u010di, klanjanje Kri\u017eu i Pri\u010dest. Obrede je vodio fra Dragutin zajedno sa fra Ivanom i velikim brojem ministranata kao i ostalim vjernicima. U ti\u0161ini, dostojanstveno, kako i prili\u010di, poklonili smo se pred Drvom Kri\u017ea na\u0161ega Spasitelja i Otkupitelja te oti\u0161li svojim <a href=\"https:\/\/svetaobitelj.hr\/?p=2722\" class=\"more-link\">[&hellip;]<\/a><\/p>\n","protected":false},"author":2,"featured_media":0,"comment_status":"closed","ping_status":"open","sticky":false,"template":"","format":"standard","meta":{"footnotes":""},"categories":[3],"tags":[],"class_list":["entry","author-","post-2722","post","type-post","status-publish","format-standard","category-zupa"],"_links":{"self":[{"href":"https:\/\/svetaobitelj.hr\/index.php?rest_route=\/wp\/v2\/posts\/2722","targetHints":{"allow":["GET"]}}],"collection":[{"href":"https:\/\/svetaobitelj.hr\/index.php?rest_route=\/wp\/v2\/posts"}],"about":[{"href":"https:\/\/svetaobitelj.hr\/index.php?rest_route=\/wp\/v2\/types\/post"}],"author":[{"embeddable":true,"href":"https:\/\/svetaobitelj.hr\/index.php?rest_route=\/wp\/v2\/users\/2"}],"replies":[{"embeddable":true,"href":"https:\/\/svetaobitelj.hr\/index.php?rest_route=%2Fwp%2Fv2%2Fcomments&post=2722"}],"version-history":[{"count":1,"href":"https:\/\/svetaobitelj.hr\/index.php?rest_route=\/wp\/v2\/posts\/2722\/revisions"}],"predecessor-version":[{"id":2724,"href":"https:\/\/svetaobitelj.hr\/index.php?rest_route=\/wp\/v2\/posts\/2722\/revisions\/2724"}],"wp:attachment":[{"href":"https:\/\/svetaobitelj.hr\/index.php?rest_route=%2Fwp%2Fv2%2Fmedia&parent=2722"}],"wp:term":[{"taxonomy":"category","embeddable":true,"href":"https:\/\/svetaobitelj.hr\/index.php?rest_route=%2Fwp%2Fv2%2Fcategories&post=2722"},{"taxonomy":"post_tag","embeddable":true,"href":"https:\/\/svetaobitelj.hr\/index.php?rest_route=%2Fwp%2Fv2%2Ftags&post=2722"}],"curies":[{"name":"wp","href":"https:\/\/api.w.org\/{rel}","templated":true}]}}