{"id":2717,"date":"2023-04-13T07:03:57","date_gmt":"2023-04-13T06:03:57","guid":{"rendered":"https:\/\/svetaobitelj.hr\/?p=2717"},"modified":"2023-04-13T07:03:58","modified_gmt":"2023-04-13T06:03:58","slug":"veliki-cetvrtak-2","status":"publish","type":"post","link":"https:\/\/svetaobitelj.hr\/?p=2717","title":{"rendered":"Veliki \u010detvrtak"},"content":{"rendered":"\n<div class=\"wp-block-image\"><figure class=\"aligncenter size-large\"><img loading=\"lazy\" decoding=\"async\" width=\"1024\" height=\"1024\" src=\"https:\/\/svetaobitelj.hr\/wp-content\/uploads\/2023\/04\/cetvrtak1-1024x1024.jpg\" alt=\"\" class=\"wp-image-2718\" srcset=\"https:\/\/svetaobitelj.hr\/wp-content\/uploads\/2023\/04\/cetvrtak1-1024x1024.jpg 1024w, https:\/\/svetaobitelj.hr\/wp-content\/uploads\/2023\/04\/cetvrtak1-300x300.jpg 300w, https:\/\/svetaobitelj.hr\/wp-content\/uploads\/2023\/04\/cetvrtak1-150x150.jpg 150w, https:\/\/svetaobitelj.hr\/wp-content\/uploads\/2023\/04\/cetvrtak1-768x768.jpg 768w, https:\/\/svetaobitelj.hr\/wp-content\/uploads\/2023\/04\/cetvrtak1-1536x1536.jpg 1536w, https:\/\/svetaobitelj.hr\/wp-content\/uploads\/2023\/04\/cetvrtak1.jpg 1600w\" sizes=\"auto, (max-width: 1024px) 100vw, 1024px\" \/><\/figure><\/div>\n\n\n\n<p>Na Veliki \u010detvrtak prisjetili smo se ustanovljenja Euharistije i Svetoga reda \u0161to smo proslavili svetom misom u 18:30 koju je predslavio fra Ivan. On je pod misom oprao noge dvanaestorici na\u0161ih \u017eupljana prisje\u0107aju\u0107i se Isusova pranja noga apostolima. Nakon mise uslijedila je Getsemanska ura klanjanja.<\/p>\n\n\n\n<div class=\"wp-block-image\"><figure class=\"aligncenter size-large\"><img loading=\"lazy\" decoding=\"async\" width=\"1024\" height=\"1024\" src=\"https:\/\/svetaobitelj.hr\/wp-content\/uploads\/2023\/04\/Cetvrtak2-1024x1024.jpg\" alt=\"\" class=\"wp-image-2719\" srcset=\"https:\/\/svetaobitelj.hr\/wp-content\/uploads\/2023\/04\/Cetvrtak2-1024x1024.jpg 1024w, https:\/\/svetaobitelj.hr\/wp-content\/uploads\/2023\/04\/Cetvrtak2-300x300.jpg 300w, https:\/\/svetaobitelj.hr\/wp-content\/uploads\/2023\/04\/Cetvrtak2-150x150.jpg 150w, https:\/\/svetaobitelj.hr\/wp-content\/uploads\/2023\/04\/Cetvrtak2-768x768.jpg 768w, https:\/\/svetaobitelj.hr\/wp-content\/uploads\/2023\/04\/Cetvrtak2-1536x1536.jpg 1536w, https:\/\/svetaobitelj.hr\/wp-content\/uploads\/2023\/04\/Cetvrtak2.jpg 1600w\" sizes=\"auto, (max-width: 1024px) 100vw, 1024px\" \/><\/figure><\/div>\n","protected":false},"excerpt":{"rendered":"<p>Na Veliki \u010detvrtak prisjetili smo se ustanovljenja Euharistije i Svetoga reda \u0161to smo proslavili svetom misom u 18:30 koju je predslavio fra Ivan. On je pod misom oprao noge dvanaestorici na\u0161ih \u017eupljana prisje\u0107aju\u0107i se Isusova pranja noga apostolima. Nakon mise uslijedila je Getsemanska ura klanjanja.<\/p>\n","protected":false},"author":2,"featured_media":0,"comment_status":"closed","ping_status":"open","sticky":false,"template":"","format":"standard","meta":{"footnotes":""},"categories":[3],"tags":[],"class_list":["entry","author-","post-2717","post","type-post","status-publish","format-standard","category-zupa"],"_links":{"self":[{"href":"https:\/\/svetaobitelj.hr\/index.php?rest_route=\/wp\/v2\/posts\/2717","targetHints":{"allow":["GET"]}}],"collection":[{"href":"https:\/\/svetaobitelj.hr\/index.php?rest_route=\/wp\/v2\/posts"}],"about":[{"href":"https:\/\/svetaobitelj.hr\/index.php?rest_route=\/wp\/v2\/types\/post"}],"author":[{"embeddable":true,"href":"https:\/\/svetaobitelj.hr\/index.php?rest_route=\/wp\/v2\/users\/2"}],"replies":[{"embeddable":true,"href":"https:\/\/svetaobitelj.hr\/index.php?rest_route=%2Fwp%2Fv2%2Fcomments&post=2717"}],"version-history":[{"count":1,"href":"https:\/\/svetaobitelj.hr\/index.php?rest_route=\/wp\/v2\/posts\/2717\/revisions"}],"predecessor-version":[{"id":2720,"href":"https:\/\/svetaobitelj.hr\/index.php?rest_route=\/wp\/v2\/posts\/2717\/revisions\/2720"}],"wp:attachment":[{"href":"https:\/\/svetaobitelj.hr\/index.php?rest_route=%2Fwp%2Fv2%2Fmedia&parent=2717"}],"wp:term":[{"taxonomy":"category","embeddable":true,"href":"https:\/\/svetaobitelj.hr\/index.php?rest_route=%2Fwp%2Fv2%2Fcategories&post=2717"},{"taxonomy":"post_tag","embeddable":true,"href":"https:\/\/svetaobitelj.hr\/index.php?rest_route=%2Fwp%2Fv2%2Ftags&post=2717"}],"curies":[{"name":"wp","href":"https:\/\/api.w.org\/{rel}","templated":true}]}}