{"id":2712,"date":"2023-04-08T16:50:05","date_gmt":"2023-04-08T15:50:05","guid":{"rendered":"http:\/\/svetaobitelj.hr\/?p=2712"},"modified":"2023-04-08T16:50:06","modified_gmt":"2023-04-08T15:50:06","slug":"zupne-obavijesti-nedjelja-uskrsnuca-gospodinova","status":"publish","type":"post","link":"https:\/\/svetaobitelj.hr\/?p=2712","title":{"rendered":"\u017dupne obavijesti: Nedjelja uskrsnu\u0107a Gospodinova"},"content":{"rendered":"\n<p>Slavimo Nedjelju uskrsnu\u0107a Gospodinova \u2013 Vazam ili Uskrs. Svima vama i va\u0161ima najiskrenije \u017eelimo sretan i blagoslovljen Uskrs. Nakon svetih misa skupljamo nov\u010dane priloge za \u201ePetrov nov\u010di\u0107\u201c \u010dime poma\u017eemo djelovanju Svete Stolice u Rimu. Svoj nov\u010dani dar mo\u017eete dati na izlazu iz crkve.<\/p>\n\n\n\n<p>Sutra je drugi dan Vazmene osmine, Vazmeni ponedjeljak. Svete mise su prema nedjeljnom rasporedu. Danas i sutra prikupljamo pisanice i \u010dokolade za korisnike Pu\u010dke kuhinje u Osijeku.<\/p>\n\n\n\n<p>U utorak je pobo\u017enost na \u010dast sv. Antunu Padovanskom u 18:15 sati.<\/p>\n\n\n\n<p>U subotu, 15. travnja, bit \u0107e Nadbiskupijski susret slijepih i slabovidnih osoba s po\u010detkom u 9:30 sati u \u0111akova\u010dkoj katedrali.<\/p>\n\n\n\n<p>Sljede\u0107e nedjelje slavimo Nedjelju Bo\u017ejega milosr\u0111a i zavr\u0161etak je Vazmene osmine. Nakon svetih misa prikupljat \u0107emo nov\u010dane priloge za na\u0161a sjemeni\u0161ta. Mjese\u010dni susret Mjesnoga bratstva OFS-a bit \u0107e u 16:30 sati.<\/p>\n\n\n\n<p>Zahvalni za va\u0161u pomo\u0107 kojom poma\u017eete obnovu na\u0161ih crkava i samostana nastradalih u potresima, preporu\u010damo se i nadalje va\u0161oj dobroti.<\/p>\n\n\n\n<p>Molimo sve vas koji jo\u0161 nemate \u017eupnu obiteljsku knji\u017eicu ili je potrebno upisati promjene u postoje\u0107e, da se javite u \u017eupni ured.<\/p>\n\n\n\n<p>Termini za nakane svetih misa popunjeni su do kraja godine.<\/p>\n\n\n\n<p>Kupujte i \u010ditajte katoli\u010dki vjerski tisak.<\/p>\n","protected":false},"excerpt":{"rendered":"<p>Slavimo Nedjelju uskrsnu\u0107a Gospodinova \u2013 Vazam ili Uskrs. Svima vama i va\u0161ima najiskrenije \u017eelimo sretan i blagoslovljen Uskrs. Nakon svetih misa skupljamo nov\u010dane priloge za \u201ePetrov nov\u010di\u0107\u201c \u010dime poma\u017eemo djelovanju Svete Stolice u Rimu. Svoj nov\u010dani dar mo\u017eete dati na izlazu iz crkve. Sutra je drugi dan Vazmene osmine, Vazmeni ponedjeljak. Svete mise su prema <a href=\"https:\/\/svetaobitelj.hr\/?p=2712\" class=\"more-link\">[&hellip;]<\/a><\/p>\n","protected":false},"author":2,"featured_media":0,"comment_status":"closed","ping_status":"open","sticky":false,"template":"","format":"standard","meta":{"footnotes":""},"categories":[3],"tags":[],"class_list":["entry","author-","post-2712","post","type-post","status-publish","format-standard","category-zupa"],"_links":{"self":[{"href":"https:\/\/svetaobitelj.hr\/index.php?rest_route=\/wp\/v2\/posts\/2712","targetHints":{"allow":["GET"]}}],"collection":[{"href":"https:\/\/svetaobitelj.hr\/index.php?rest_route=\/wp\/v2\/posts"}],"about":[{"href":"https:\/\/svetaobitelj.hr\/index.php?rest_route=\/wp\/v2\/types\/post"}],"author":[{"embeddable":true,"href":"https:\/\/svetaobitelj.hr\/index.php?rest_route=\/wp\/v2\/users\/2"}],"replies":[{"embeddable":true,"href":"https:\/\/svetaobitelj.hr\/index.php?rest_route=%2Fwp%2Fv2%2Fcomments&post=2712"}],"version-history":[{"count":2,"href":"https:\/\/svetaobitelj.hr\/index.php?rest_route=\/wp\/v2\/posts\/2712\/revisions"}],"predecessor-version":[{"id":2714,"href":"https:\/\/svetaobitelj.hr\/index.php?rest_route=\/wp\/v2\/posts\/2712\/revisions\/2714"}],"wp:attachment":[{"href":"https:\/\/svetaobitelj.hr\/index.php?rest_route=%2Fwp%2Fv2%2Fmedia&parent=2712"}],"wp:term":[{"taxonomy":"category","embeddable":true,"href":"https:\/\/svetaobitelj.hr\/index.php?rest_route=%2Fwp%2Fv2%2Fcategories&post=2712"},{"taxonomy":"post_tag","embeddable":true,"href":"https:\/\/svetaobitelj.hr\/index.php?rest_route=%2Fwp%2Fv2%2Ftags&post=2712"}],"curies":[{"name":"wp","href":"https:\/\/api.w.org\/{rel}","templated":true}]}}