{"id":2709,"date":"2023-04-04T08:37:52","date_gmt":"2023-04-04T07:37:52","guid":{"rendered":"https:\/\/svetaobitelj.hr\/?p=2709"},"modified":"2023-04-04T08:37:53","modified_gmt":"2023-04-04T07:37:53","slug":"djela-a-ne-rijeci","status":"publish","type":"post","link":"https:\/\/svetaobitelj.hr\/?p=2709","title":{"rendered":"Djela, a ne rije\u010di&#8230;"},"content":{"rendered":"\n<p>I za ovaj Uskrs smo uz pomo\u0107 dobro\u010dinitelja uspjeli pripremiti i podijeliti\u00a0 obiteljske paketa s osnovnim \u017eive\u017enim namirnicama i higijenskim potrep\u0161tinama. Za \u017eupljane slabijeg imovinskog stanja organizirana je podjela paketa, tako da su u ponedjeljak, 04. travnja 2023. godine volonteri caritasa na\u0161e \u017dupe, dostavili na ku\u0107nu adresu pakete najpotrebitijim \u017eupljanima kako bi im se olak\u0161ali i uljep\u0161ali uskrsni dani.<\/p>\n\n\n\n<div class=\"wp-block-image\"><figure class=\"aligncenter size-large\"><img loading=\"lazy\" decoding=\"async\" width=\"1024\" height=\"768\" src=\"https:\/\/svetaobitelj.hr\/wp-content\/uploads\/2023\/04\/IMG-ef1d78c596ddaaee4dacfeb72a65b7b9-V-1024x768.jpg\" alt=\"\" class=\"wp-image-2710\" srcset=\"https:\/\/svetaobitelj.hr\/wp-content\/uploads\/2023\/04\/IMG-ef1d78c596ddaaee4dacfeb72a65b7b9-V-1024x768.jpg 1024w, https:\/\/svetaobitelj.hr\/wp-content\/uploads\/2023\/04\/IMG-ef1d78c596ddaaee4dacfeb72a65b7b9-V-300x225.jpg 300w, https:\/\/svetaobitelj.hr\/wp-content\/uploads\/2023\/04\/IMG-ef1d78c596ddaaee4dacfeb72a65b7b9-V-768x576.jpg 768w, https:\/\/svetaobitelj.hr\/wp-content\/uploads\/2023\/04\/IMG-ef1d78c596ddaaee4dacfeb72a65b7b9-V-1536x1152.jpg 1536w, https:\/\/svetaobitelj.hr\/wp-content\/uploads\/2023\/04\/IMG-ef1d78c596ddaaee4dacfeb72a65b7b9-V.jpg 1600w\" sizes=\"auto, (max-width: 1024px) 100vw, 1024px\" \/><\/figure><\/div>\n\n\n\n<p>Uz potrebite u na\u0161oj \u017eupi pomogli smo i Pu\u010dkoj kuhinji u Osijeku. Sje\u0107aju\u0107i se vlastitih iskustava iz Domovinskog rata,  dio namirnica doniran je u samostan \u010dasnih sestara Reda sv. Bazilija Velikog u Wilsonovoj ulici, kako bi i prognanici iz Ukrajine osjetili radost Uskrsa.<\/p>\n\n\n\n<p>Iskreno i od srca zahvaljujemo svim \u017eupljanima na ljubavi i pomo\u0107i koju su iskazali svojim darovima za potrebe siroma\u0161nih i u ovo korizmeno vrijeme, vrijeme nade, uskrsne radosti i mira te otvorili svoja srca i tako doprinijeli djelovanju na\u0161eg \u017eupnog caritasa da bi ubla\u017eili siroma\u0161tvo i dali nadu onima koji \u017eive u bijedi.<\/p>\n","protected":false},"excerpt":{"rendered":"<p>I za ovaj Uskrs smo uz pomo\u0107 dobro\u010dinitelja uspjeli pripremiti i podijeliti\u00a0 obiteljske paketa s osnovnim \u017eive\u017enim namirnicama i higijenskim potrep\u0161tinama. Za \u017eupljane slabijeg imovinskog stanja organizirana je podjela paketa, tako da su u ponedjeljak, 04. travnja 2023. godine volonteri caritasa na\u0161e \u017dupe, dostavili na ku\u0107nu adresu pakete najpotrebitijim \u017eupljanima kako bi im se olak\u0161ali <a href=\"https:\/\/svetaobitelj.hr\/?p=2709\" class=\"more-link\">[&hellip;]<\/a><\/p>\n","protected":false},"author":2,"featured_media":0,"comment_status":"closed","ping_status":"open","sticky":false,"template":"","format":"standard","meta":{"footnotes":""},"categories":[3],"tags":[],"class_list":["entry","author-","post-2709","post","type-post","status-publish","format-standard","category-zupa"],"_links":{"self":[{"href":"https:\/\/svetaobitelj.hr\/index.php?rest_route=\/wp\/v2\/posts\/2709","targetHints":{"allow":["GET"]}}],"collection":[{"href":"https:\/\/svetaobitelj.hr\/index.php?rest_route=\/wp\/v2\/posts"}],"about":[{"href":"https:\/\/svetaobitelj.hr\/index.php?rest_route=\/wp\/v2\/types\/post"}],"author":[{"embeddable":true,"href":"https:\/\/svetaobitelj.hr\/index.php?rest_route=\/wp\/v2\/users\/2"}],"replies":[{"embeddable":true,"href":"https:\/\/svetaobitelj.hr\/index.php?rest_route=%2Fwp%2Fv2%2Fcomments&post=2709"}],"version-history":[{"count":1,"href":"https:\/\/svetaobitelj.hr\/index.php?rest_route=\/wp\/v2\/posts\/2709\/revisions"}],"predecessor-version":[{"id":2711,"href":"https:\/\/svetaobitelj.hr\/index.php?rest_route=\/wp\/v2\/posts\/2709\/revisions\/2711"}],"wp:attachment":[{"href":"https:\/\/svetaobitelj.hr\/index.php?rest_route=%2Fwp%2Fv2%2Fmedia&parent=2709"}],"wp:term":[{"taxonomy":"category","embeddable":true,"href":"https:\/\/svetaobitelj.hr\/index.php?rest_route=%2Fwp%2Fv2%2Fcategories&post=2709"},{"taxonomy":"post_tag","embeddable":true,"href":"https:\/\/svetaobitelj.hr\/index.php?rest_route=%2Fwp%2Fv2%2Ftags&post=2709"}],"curies":[{"name":"wp","href":"https:\/\/api.w.org\/{rel}","templated":true}]}}