{"id":2704,"date":"2023-04-04T08:20:00","date_gmt":"2023-04-04T07:20:00","guid":{"rendered":"https:\/\/svetaobitelj.hr\/?p=2704"},"modified":"2023-04-04T08:20:40","modified_gmt":"2023-04-04T07:20:40","slug":"cvjetnica-2","status":"publish","type":"post","link":"https:\/\/svetaobitelj.hr\/?p=2704","title":{"rendered":"Cvjetnica"},"content":{"rendered":"\n<div class=\"wp-block-image\"><figure class=\"aligncenter size-large\"><img loading=\"lazy\" decoding=\"async\" width=\"1024\" height=\"768\" src=\"https:\/\/svetaobitelj.hr\/wp-content\/uploads\/2023\/04\/IMG-08e8b58bf87d58225988dbc94a7a0372-V-1024x768.jpg\" alt=\"\" class=\"wp-image-2705\" srcset=\"https:\/\/svetaobitelj.hr\/wp-content\/uploads\/2023\/04\/IMG-08e8b58bf87d58225988dbc94a7a0372-V-1024x768.jpg 1024w, https:\/\/svetaobitelj.hr\/wp-content\/uploads\/2023\/04\/IMG-08e8b58bf87d58225988dbc94a7a0372-V-300x225.jpg 300w, https:\/\/svetaobitelj.hr\/wp-content\/uploads\/2023\/04\/IMG-08e8b58bf87d58225988dbc94a7a0372-V-768x576.jpg 768w, https:\/\/svetaobitelj.hr\/wp-content\/uploads\/2023\/04\/IMG-08e8b58bf87d58225988dbc94a7a0372-V-1536x1152.jpg 1536w, https:\/\/svetaobitelj.hr\/wp-content\/uploads\/2023\/04\/IMG-08e8b58bf87d58225988dbc94a7a0372-V.jpg 1600w\" sizes=\"auto, (max-width: 1024px) 100vw, 1024px\" \/><\/figure><\/div>\n\n\n\n<p>Blagoslovom maslinovih gran\u010dica na svetoj misi u 11,00 sati proslavili smo Nedjelju Muke Gospodnje (Cvjetnicu). Taj blagdan predstavlja uvod u Veliki tjedan, kada se Crkva spominje Isusovog sve\u010danog ulaska u Jeruzalem, gdje ga je narod pozdravljao palminim i maslinovim gran\u010dicama. Maslinove gran\u010dice su se prodavale prije svake svete mise, a prihodima od prodaje gran\u010dica pomogli smo rad Papinskih misijskih djela u Republici Hrvatskoj i vjerni\u010dke udruge pri \u017eupi Sv. Juraj u Starom Pazinu, koji su na\u0161i vi\u0161egodi\u0161nji opskrbljiva\u010di maslinovim gran\u010dicama. Zahvalni smo Gospodinu na velikom broju vjernika koji su pomogli ovu akciju i primjetno ve\u0107em broju \u017eupljana koji su nazo\u010dili svetim misama.<\/p>\n\n\n\n<div class=\"wp-block-image\"><figure class=\"aligncenter size-large\"><img loading=\"lazy\" decoding=\"async\" width=\"1024\" height=\"768\" src=\"https:\/\/svetaobitelj.hr\/wp-content\/uploads\/2023\/04\/IMG-fad9db969c302e09bb80c65bf47a4f5d-V-1024x768.jpg\" alt=\"\" class=\"wp-image-2706\" srcset=\"https:\/\/svetaobitelj.hr\/wp-content\/uploads\/2023\/04\/IMG-fad9db969c302e09bb80c65bf47a4f5d-V-1024x768.jpg 1024w, https:\/\/svetaobitelj.hr\/wp-content\/uploads\/2023\/04\/IMG-fad9db969c302e09bb80c65bf47a4f5d-V-300x225.jpg 300w, https:\/\/svetaobitelj.hr\/wp-content\/uploads\/2023\/04\/IMG-fad9db969c302e09bb80c65bf47a4f5d-V-768x576.jpg 768w, https:\/\/svetaobitelj.hr\/wp-content\/uploads\/2023\/04\/IMG-fad9db969c302e09bb80c65bf47a4f5d-V-1536x1152.jpg 1536w, https:\/\/svetaobitelj.hr\/wp-content\/uploads\/2023\/04\/IMG-fad9db969c302e09bb80c65bf47a4f5d-V.jpg 1600w\" sizes=\"auto, (max-width: 1024px) 100vw, 1024px\" \/><\/figure><\/div>\n\n\n\n<p>\u201eBo\u017ee moj, Bo\u017ee moj, za\u0161to si me ostavio?\u201c &#8211; ovaj vapaj odzvanja i u na\u0161em vremenu. Trebamo stoga prepoznati vapaj raspetoga Isusa u vapaju bolesnih, umiru\u0107ih, unesre\u0107enih, siroma\u0161nih, prognanih i izbjeglih, nevinih \u017ertava rata, mr\u017enje, sebi\u010dnosti, zlostavljanih, djece i ranjivih odraslih osoba, gladnih i \u017eednih pravednosti, ali i kruha i vode, osmjeha i lijepe rije\u010di, male pa\u017enje, onih \u010dije smo vapaje u\u0161utkali i zata\u0161kavali, a ranjenost ignorirali, ponekad zbog nesnala\u017eenja, a \u010desto zbog nekih drugih interesa\u2026 \u010cujemo li taj vapaj?<\/p>\n","protected":false},"excerpt":{"rendered":"<p>Blagoslovom maslinovih gran\u010dica na svetoj misi u 11,00 sati proslavili smo Nedjelju Muke Gospodnje (Cvjetnicu). Taj blagdan predstavlja uvod u Veliki tjedan, kada se Crkva spominje Isusovog sve\u010danog ulaska u Jeruzalem, gdje ga je narod pozdravljao palminim i maslinovim gran\u010dicama. Maslinove gran\u010dice su se prodavale prije svake svete mise, a prihodima od prodaje gran\u010dica pomogli <a href=\"https:\/\/svetaobitelj.hr\/?p=2704\" class=\"more-link\">[&hellip;]<\/a><\/p>\n","protected":false},"author":2,"featured_media":0,"comment_status":"closed","ping_status":"open","sticky":false,"template":"","format":"standard","meta":{"footnotes":""},"categories":[3],"tags":[],"class_list":["entry","author-","post-2704","post","type-post","status-publish","format-standard","category-zupa"],"_links":{"self":[{"href":"https:\/\/svetaobitelj.hr\/index.php?rest_route=\/wp\/v2\/posts\/2704","targetHints":{"allow":["GET"]}}],"collection":[{"href":"https:\/\/svetaobitelj.hr\/index.php?rest_route=\/wp\/v2\/posts"}],"about":[{"href":"https:\/\/svetaobitelj.hr\/index.php?rest_route=\/wp\/v2\/types\/post"}],"author":[{"embeddable":true,"href":"https:\/\/svetaobitelj.hr\/index.php?rest_route=\/wp\/v2\/users\/2"}],"replies":[{"embeddable":true,"href":"https:\/\/svetaobitelj.hr\/index.php?rest_route=%2Fwp%2Fv2%2Fcomments&post=2704"}],"version-history":[{"count":1,"href":"https:\/\/svetaobitelj.hr\/index.php?rest_route=\/wp\/v2\/posts\/2704\/revisions"}],"predecessor-version":[{"id":2707,"href":"https:\/\/svetaobitelj.hr\/index.php?rest_route=\/wp\/v2\/posts\/2704\/revisions\/2707"}],"wp:attachment":[{"href":"https:\/\/svetaobitelj.hr\/index.php?rest_route=%2Fwp%2Fv2%2Fmedia&parent=2704"}],"wp:term":[{"taxonomy":"category","embeddable":true,"href":"https:\/\/svetaobitelj.hr\/index.php?rest_route=%2Fwp%2Fv2%2Fcategories&post=2704"},{"taxonomy":"post_tag","embeddable":true,"href":"https:\/\/svetaobitelj.hr\/index.php?rest_route=%2Fwp%2Fv2%2Ftags&post=2704"}],"curies":[{"name":"wp","href":"https:\/\/api.w.org\/{rel}","templated":true}]}}