{"id":2693,"date":"2023-03-30T17:51:57","date_gmt":"2023-03-30T16:51:57","guid":{"rendered":"http:\/\/svetaobitelj.hr\/?p=2693"},"modified":"2023-03-30T17:51:58","modified_gmt":"2023-03-30T16:51:58","slug":"zupne-obavijesti-cvjetnica-nedjelja-muke-gospodnje-2","status":"publish","type":"post","link":"https:\/\/svetaobitelj.hr\/?p=2693","title":{"rendered":"\u017dupne obavijesti: Cvjetnica &#8211; Nedjelja Muke Gospodnje"},"content":{"rendered":"\n<p>Slavimo Nedjelju Muke Gospodnje \u2013 Cvjetnicu. Zapo\u010dinje Veliki tjedan. Prva je nedjelja u mjesecu kada molimo za duhovna zvanja, a skupljanje nov\u010danih priloga za sjemeni\u0161ta imat \u0107emo na Bijelu nedjelju, 16. travnja. Caritasove kutijice kao i nov\u010dani dar za potrebe Caritasa mo\u017eete dati u ko\u0161aru ispred oltara. Danas skupljamo nov\u010dane priloge za na\u0161u bra\u0107u i sestre katolike koji \u017eive u Svetoj Zemlji. Svoj nov\u010dani dar mo\u017eete dati na izlazu iz crkve.<\/p>\n\n\n\n<p>U vazmenom trodnevlju ne\u0107emo ispovijedati.<\/p>\n\n\n\n<p>U utorak je pobo\u017enost na \u010dast sv. Antunu Padovanskom u 18:15 sati.<\/p>\n\n\n\n<p>U srijedu je pobo\u017enost kri\u017enoga puta u 18:00 sati.<\/p>\n\n\n\n<p>VELIKI \u010cETVRTAK: Nema jutarnje svete mise i prije podne ne uredujemo u \u017eupnom uredu. Misa Ve\u010dere Gospodnje je u 18:30 sati.<\/p>\n\n\n\n<p>VELIKI PETAK: Obvezatan post i nemrs; nema svetih misa; u 9:00 sati je u na\u0161oj \u017eupnoj crkvi kri\u017eni put, a u 18:00 sati zapo\u010dinju obredi Velikog petka. Milostinja Velikog petka ide za bra\u0107u i sestre katolike u Isusovoj domovini, \u0161to osobito pokazujemo svojim nov\u010danim prilogom kod klanjanja kri\u017eu.<\/p>\n\n\n\n<p>VELIKA SUBOTA: nema svetih misa; pohod \u201eBo\u017ejem grobu\u201c je cijeli dan. Crkva \u0107e biti otvorena od 8:00 do 17:00 sati, a Vazmeno bdijenje zapo\u010dinje u 20:00 sati. Za Vazmeno bdijenje potrebno je imati svije\u0107u radi obnove krsnih obe\u0107anja. Svije\u0107e \u0107ete mo\u0107i nabaviti ispred crkve prije bdijenja. <\/p>\n\n\n\n<p>Sljede\u0107e nedjelje slavimo Nedjelju uskrsnu\u0107a Gospodinova \u2013 Vazam. Blagoslov jela bit \u0107e nakon jutarnje svete mise. Nakon svih svetih misa skupljat \u0107emo nov\u010dane priloge za \u201ePetrov nov\u010di\u0107\u201c \u010dime poma\u017eemo djelovanju Svete Stolice u Rimu.<\/p>\n\n\n\n<p>Na Uskrs i Uskrsni ponedjeljak skupljat \u0107emo pisanice i \u010dokolade za korisnike Pu\u010dke kuhinje u Osijeku nakon svetih misa.<\/p>\n\n\n\n<p>Zahvalni za va\u0161u pomo\u0107 kojom poma\u017eete obnovu na\u0161ih crkava i samostana nastradalih u potresima, preporu\u010damo se i nadalje va\u0161oj dobroti.<\/p>\n\n\n\n<p>Ovih dana promijenjeni su prozori u donjim dvoranama i sakristiji. Zahvaljujemo na\u0161oj Osje\u010dko-baranjskoj \u017eupaniji koja nam je u tome pomogla.<\/p>\n\n\n\n<p>Molimo sve vas koji jo\u0161 nemate \u017eupnu obiteljsku knji\u017eicu ili je potrebno upisati promjene u postoje\u0107e, da se javite u \u017eupni ured. Termini za svete mise popunjeni su do kraja godine. Kupujte i \u010ditajte katoli\u010dki vjerski tisak.<\/p>\n\n\n\n<p>Poruka na\u0161ega nadbiskupa vjernicima uz obiteljska slavlja prilikom sv. krizme i prve pri\u010desti:<br><em>\u201eDraga bra\u0107o i sestre, najusrdnije molim sve roditelje, krizmanike te sve vjernike da obiteljska slavlja vezana uz sakramentalna slavlja (krizmu, prvu pri\u010dest, kr\u0161tenje) budu veoma skromna te ograni\u010dena na veoma uski krug obitelji i kumova. U skladu sa smjernicama i odlukama Druge biskupijske sinode, sve vas molim da se ne upu\u0161tate u nepotrebne financijske tro\u0161kove s ve\u0107im brojem uzvanika te da se trudite izbje\u0107i sve ono \u0161to nije u skladu sa sakramentalnim i crkvenim slavljem. Kumove istodobno molim da se ne upu\u0161tate u suvi\u0161ne tro\u0161kove niti u kupovinu neprimjerenih darova. Kum\u010detu se uz sakramente ne poklanja skupi dar, nego neka uspomena koja podsje\u0107a na primljeni sakrament (Biblija, kri\u017e, nabo\u017eni predmet ili prikladna knjiga). Usrdno vas molim da suprotnim postupkom ne navla\u010dite odiuom javnosti na Crkvu i na sakramentalna slavlja. Svima unaprijed zahvaljujem za razumijevanje i suradnju.\u201c <\/em>(mons. \u0110uro Hrani\u0107, nadbiskup)<\/p>\n","protected":false},"excerpt":{"rendered":"<p>Slavimo Nedjelju Muke Gospodnje \u2013 Cvjetnicu. Zapo\u010dinje Veliki tjedan. Prva je nedjelja u mjesecu kada molimo za duhovna zvanja, a skupljanje nov\u010danih priloga za sjemeni\u0161ta imat \u0107emo na Bijelu nedjelju, 16. travnja. Caritasove kutijice kao i nov\u010dani dar za potrebe Caritasa mo\u017eete dati u ko\u0161aru ispred oltara. Danas skupljamo nov\u010dane priloge za na\u0161u bra\u0107u i <a href=\"https:\/\/svetaobitelj.hr\/?p=2693\" class=\"more-link\">[&hellip;]<\/a><\/p>\n","protected":false},"author":2,"featured_media":0,"comment_status":"closed","ping_status":"open","sticky":false,"template":"","format":"standard","meta":{"footnotes":""},"categories":[3],"tags":[],"class_list":["entry","author-","post-2693","post","type-post","status-publish","format-standard","category-zupa"],"_links":{"self":[{"href":"https:\/\/svetaobitelj.hr\/index.php?rest_route=\/wp\/v2\/posts\/2693","targetHints":{"allow":["GET"]}}],"collection":[{"href":"https:\/\/svetaobitelj.hr\/index.php?rest_route=\/wp\/v2\/posts"}],"about":[{"href":"https:\/\/svetaobitelj.hr\/index.php?rest_route=\/wp\/v2\/types\/post"}],"author":[{"embeddable":true,"href":"https:\/\/svetaobitelj.hr\/index.php?rest_route=\/wp\/v2\/users\/2"}],"replies":[{"embeddable":true,"href":"https:\/\/svetaobitelj.hr\/index.php?rest_route=%2Fwp%2Fv2%2Fcomments&post=2693"}],"version-history":[{"count":2,"href":"https:\/\/svetaobitelj.hr\/index.php?rest_route=\/wp\/v2\/posts\/2693\/revisions"}],"predecessor-version":[{"id":2695,"href":"https:\/\/svetaobitelj.hr\/index.php?rest_route=\/wp\/v2\/posts\/2693\/revisions\/2695"}],"wp:attachment":[{"href":"https:\/\/svetaobitelj.hr\/index.php?rest_route=%2Fwp%2Fv2%2Fmedia&parent=2693"}],"wp:term":[{"taxonomy":"category","embeddable":true,"href":"https:\/\/svetaobitelj.hr\/index.php?rest_route=%2Fwp%2Fv2%2Fcategories&post=2693"},{"taxonomy":"post_tag","embeddable":true,"href":"https:\/\/svetaobitelj.hr\/index.php?rest_route=%2Fwp%2Fv2%2Ftags&post=2693"}],"curies":[{"name":"wp","href":"https:\/\/api.w.org\/{rel}","templated":true}]}}