{"id":2690,"date":"2023-03-26T19:23:28","date_gmt":"2023-03-26T18:23:28","guid":{"rendered":"http:\/\/svetaobitelj.hr\/?p=2690"},"modified":"2023-03-26T19:23:28","modified_gmt":"2023-03-26T18:23:28","slug":"zupne-obavijesti-5-korizmena-nedjelja-4","status":"publish","type":"post","link":"https:\/\/svetaobitelj.hr\/?p=2690","title":{"rendered":"\u017dupne obavijesti: 5. korizmena nedjelja"},"content":{"rendered":"\n<p><strong>Slavimo petu korizmenu nedjelju. Na izlazu iz crkve mo\u017eete kupiti svije\u0107e prigodom akcije \u201eJedna svije\u0107a za svjetlo u Obitelji\u201c, \u010dijom kupnjom poma\u017eemo Bra\u010dna i obiteljska savjetovali\u0161ta u na\u0161oj \u0110akova\u010dko \u2013 osje\u010dkoj nadbiskupiji.<\/strong><\/p>\n\n\n\n<p><strong>Sutra je biblijski sat nakon ve\u010dernje svete mise.<\/strong><\/p>\n\n\n\n<p><strong>U utorak je u 18:15 sati pobo\u017enost na \u010dast sv. Antunu Padovanskom.<\/strong><\/p>\n\n\n\n<p><strong>U srijedu je ispovijed djece i mladih u 9:00 i u 15:00 sati.<\/strong><\/p>\n\n\n\n<p><strong>Pobo\u017enost kri\u017enoga puta je srijedom i petkom u 18:00 sati.<\/strong><\/p>\n\n\n\n<p><strong>U subotu pod ve\u010dernjom svetom misom molimo za duhovna zvanja budu\u0107i da je prva subota u mjesecu.<\/strong><\/p>\n\n\n\n<p><strong>Sljede\u0107e nedjelje slavimo Nedjelju Muke Gospodnje \u2013 Cvjetnicu, \u010dime zapo\u010dinje Veliki tjedan. Na po\u010detku svetih misa bit \u0107e blagoslov gran\u010dica, a u 11:00 sati bit \u0107e sve\u010dani blagoslov ispred crkve nakon \u010dega slijedi sveta misa u crkvi. Gran\u010dice \u0107ete mo\u0107i nabaviti prije svetih misa. Caritasove kutijice s va\u0161im nov\u010danim prilozima \u0161to ste ih skupljali tijekom korizme mo\u017eete donijeti sljede\u0107e nedjelje. Ujedno je prva nedjelja u mjesecu kada se svojim molitvama sje\u0107amo na\u0161ih sjemeni\u0161ta. Pod jutarnjom svetom misom molit \u0107emo za dobro\u010dinitelje ove na\u0161e crkve i samostana. Prema odredbi na\u0161ega nadbiskupa na Cvjetnicu skupljamo nov\u010dane priloge za na\u0161u bra\u0107u i sestre katolike koji \u017eive u Svetoj Zemlji. Nov\u010dane priloge za sjemeni\u0161ta prikupljat \u0107emo na Bijelu nedjelju, 16. travnja.<\/strong><\/p>\n\n\n\n<p><strong>Ispovijed starih i bolesnih koji ne mogu do\u0107i u crkvu bit \u0107e na Veliki ponedjeljak, 3. travnja ove godine, od 8:30 sati. Potrebno ih je prijaviti u \u017eupni ured.<\/strong><\/p>\n\n\n\n<p><strong>Korizma je vrijeme posta, molitve i dobrih djela. Caritas na\u0161e Nadbiskupije nastavlja s projektom \u201eBla\u017eenije je davati nego primati\u201c kao i \u201eDje\u010dja ko\u0161arica\u201c, \u010dime svojim nov\u010danim prilozima i \u017eive\u017enim namirnicama, poma\u017eemo djelovanju Caritasa u na\u0161oj nadbiskupiji. Prikupljanje prehrambenih proizvoda i higijenskih potrep\u0161tina za potrebite bit \u0107e do Cvjetnice. Svoje darove mo\u017eete donijeti u \u017eupni ured.<\/strong><\/p>\n\n\n\n<p><strong>Zahvalni za va\u0161u pomo\u0107 kojom poma\u017eete obnovu na\u0161ih crkava i samostana nastradalih u potresima, preporu\u010damo se i nadalje va\u0161oj dobroti. Zahvaljujemo i vama koji ste nam pomogli pri pla\u0107anju ra\u010duna za popravak dizala u crkvi.<\/strong><\/p>\n\n\n\n<p><strong>Molimo sve vas koji jo\u0161 nemate \u017eupnu obiteljsku knji\u017eicu ili je potrebno upisati promjene u postoje\u0107e, da se javite u \u017eupni ured u uredovno vrijeme.<\/strong><\/p>\n\n\n\n<p><strong>Termini za svete mise popunjeni su do kraja godine.<\/strong><\/p>\n\n\n\n<p><strong>Kupujte i \u010ditajte katoli\u010dki vjerski tisak.<\/strong><\/p>\n","protected":false},"excerpt":{"rendered":"<p>Slavimo petu korizmenu nedjelju. Na izlazu iz crkve mo\u017eete kupiti svije\u0107e prigodom akcije \u201eJedna svije\u0107a za svjetlo u Obitelji\u201c, \u010dijom kupnjom poma\u017eemo Bra\u010dna i obiteljska savjetovali\u0161ta u na\u0161oj \u0110akova\u010dko \u2013 osje\u010dkoj nadbiskupiji. Sutra je biblijski sat nakon ve\u010dernje svete mise. U utorak je u 18:15 sati pobo\u017enost na \u010dast sv. Antunu Padovanskom. U srijedu je <a href=\"https:\/\/svetaobitelj.hr\/?p=2690\" class=\"more-link\">[&hellip;]<\/a><\/p>\n","protected":false},"author":2,"featured_media":0,"comment_status":"closed","ping_status":"open","sticky":false,"template":"","format":"standard","meta":{"footnotes":""},"categories":[3],"tags":[],"class_list":["entry","author-","post-2690","post","type-post","status-publish","format-standard","category-zupa"],"_links":{"self":[{"href":"https:\/\/svetaobitelj.hr\/index.php?rest_route=\/wp\/v2\/posts\/2690","targetHints":{"allow":["GET"]}}],"collection":[{"href":"https:\/\/svetaobitelj.hr\/index.php?rest_route=\/wp\/v2\/posts"}],"about":[{"href":"https:\/\/svetaobitelj.hr\/index.php?rest_route=\/wp\/v2\/types\/post"}],"author":[{"embeddable":true,"href":"https:\/\/svetaobitelj.hr\/index.php?rest_route=\/wp\/v2\/users\/2"}],"replies":[{"embeddable":true,"href":"https:\/\/svetaobitelj.hr\/index.php?rest_route=%2Fwp%2Fv2%2Fcomments&post=2690"}],"version-history":[{"count":1,"href":"https:\/\/svetaobitelj.hr\/index.php?rest_route=\/wp\/v2\/posts\/2690\/revisions"}],"predecessor-version":[{"id":2691,"href":"https:\/\/svetaobitelj.hr\/index.php?rest_route=\/wp\/v2\/posts\/2690\/revisions\/2691"}],"wp:attachment":[{"href":"https:\/\/svetaobitelj.hr\/index.php?rest_route=%2Fwp%2Fv2%2Fmedia&parent=2690"}],"wp:term":[{"taxonomy":"category","embeddable":true,"href":"https:\/\/svetaobitelj.hr\/index.php?rest_route=%2Fwp%2Fv2%2Fcategories&post=2690"},{"taxonomy":"post_tag","embeddable":true,"href":"https:\/\/svetaobitelj.hr\/index.php?rest_route=%2Fwp%2Fv2%2Ftags&post=2690"}],"curies":[{"name":"wp","href":"https:\/\/api.w.org\/{rel}","templated":true}]}}