{"id":2686,"date":"2023-03-17T09:13:02","date_gmt":"2023-03-17T08:13:02","guid":{"rendered":"https:\/\/svetaobitelj.hr\/?p=2686"},"modified":"2023-03-17T09:13:02","modified_gmt":"2023-03-17T08:13:02","slug":"zupne-obavijesti-4-korizmena-nedjelja-4","status":"publish","type":"post","link":"https:\/\/svetaobitelj.hr\/?p=2686","title":{"rendered":"\u017dupne obavijesti: 4. korizmena nedjelja"},"content":{"rendered":"\n<p>Slavimo \u010detvrtu korizmenu nedjelju. Od danas mo\u017eete kupiti svije\u0107e prigodom akcije \u201eJedna svije\u0107a za svjetlo u Obitelji\u201c, \u010dijom kupnjom poma\u017eemo Bra\u010dna i obiteljska savjetovali\u0161ta u na\u0161oj \u0110akova\u010dko \u2013 osje\u010dkoj<br>nadbiskupiji.<\/p>\n\n\n\n<p>Sutra liturgijski slavimo blagdan sv. Josipa. Svete mise su u 7:30 i 18:30 sati. Biblijski sat je nakon ve\u010dernje svete mise.<\/p>\n\n\n\n<p>U utorak je u 18:15 sati pobo\u017enost na \u010dast sv. Antunu Padovanskom.<\/p>\n\n\n\n<p>Pobo\u017enost kri\u017enoga puta je srijedom i petkom u 18:00 sati.<\/p>\n\n\n\n<p>U subotu slavimo Navje\u0161tenje Gospodinovo ili Blagovijest. Svete mise su u 7:30 i 18:30 sati.<\/p>\n\n\n\n<p>Sljede\u0107e nedjelje slavimo petu korizmenu nedjelju.<\/p>\n\n\n\n<p>Pro\u0161le nedjelje bili su izbori u na\u0161em Mjesnom bratstvu OFS-a. izabrani su: Krunoslav Janc, ministar; Jasna Hazenauer, doministra; Filipina \u0160arga\u010d, tajnica; Stipe Crnkovi\u0107, voditelj formacije; Mirjana Mijatovi\u0107, blagajnica; Tatjana \u0160arga\u010d, delegat za podru\u010dnu skup\u0161tinu; Mirjana Mijatovi\u0107, zamjenik delegata za podru\u010dnu skup\u0161tinu.<\/p>\n\n\n\n<p>Ispovijed starih i bolesnih koji ne mogu do\u0107i u crkvu bit \u0107e na Veliki ponedjeljak, 3. travnja ove godine, od 8:30 sati. Potrebno ih je prijaviti u \u017eupni ured.<\/p>\n\n\n\n<p>Korizma je vrijeme posta, molitve i dobrih djela. Caritas na\u0161e Nadbiskupije nastavlja s projektom \u201eBla\u017eenije je davati nego primati\u201c kao i \u201eDje\u010dja ko\u0161arica\u201c, \u010dime svojim nov\u010danim prilozima i \u017eive\u017enim namirnicama, poma\u017eemo djelovanju Caritasa u na\u0161oj nadbiskupiji. Prikupljanje prehrambenih proizvoda i higijenskih potrep\u0161tina za potrebite u na\u0161oj \u017eupi bit \u0107e do Cvjetnice. Svoje darove mo\u017eete donijeti u \u017eupni ured.<\/p>\n\n\n\n<p>Zahvalni za va\u0161u pomo\u0107 kojom poma\u017eete obnovu na\u0161ih crkava i samostana nastradalih u potresima, preporu\u010damo se i nadalje va\u0161oj dobroti.<\/p>\n\n\n\n<p>Molimo sve vas koji jo\u0161 nemate \u017eupnu obiteljsku knji\u017eicu ili je potrebno upisati promjene u postoje\u0107e, da se javite u \u017eupni ured u uredovno vrijeme.<\/p>\n\n\n\n<p>Termini za svete mise popunjeni su do kraja godine.<\/p>\n\n\n\n<p>Kupujte i \u010ditajte katoli\u010dki vjerski tisak.<\/p>\n","protected":false},"excerpt":{"rendered":"<p>Slavimo \u010detvrtu korizmenu nedjelju. Od danas mo\u017eete kupiti svije\u0107e prigodom akcije \u201eJedna svije\u0107a za svjetlo u Obitelji\u201c, \u010dijom kupnjom poma\u017eemo Bra\u010dna i obiteljska savjetovali\u0161ta u na\u0161oj \u0110akova\u010dko \u2013 osje\u010dkojnadbiskupiji. Sutra liturgijski slavimo blagdan sv. Josipa. Svete mise su u 7:30 i 18:30 sati. Biblijski sat je nakon ve\u010dernje svete mise. U utorak je u 18:15 <a href=\"https:\/\/svetaobitelj.hr\/?p=2686\" class=\"more-link\">[&hellip;]<\/a><\/p>\n","protected":false},"author":2,"featured_media":0,"comment_status":"closed","ping_status":"open","sticky":false,"template":"","format":"standard","meta":{"footnotes":""},"categories":[3],"tags":[],"class_list":["entry","author-","post-2686","post","type-post","status-publish","format-standard","category-zupa"],"_links":{"self":[{"href":"https:\/\/svetaobitelj.hr\/index.php?rest_route=\/wp\/v2\/posts\/2686","targetHints":{"allow":["GET"]}}],"collection":[{"href":"https:\/\/svetaobitelj.hr\/index.php?rest_route=\/wp\/v2\/posts"}],"about":[{"href":"https:\/\/svetaobitelj.hr\/index.php?rest_route=\/wp\/v2\/types\/post"}],"author":[{"embeddable":true,"href":"https:\/\/svetaobitelj.hr\/index.php?rest_route=\/wp\/v2\/users\/2"}],"replies":[{"embeddable":true,"href":"https:\/\/svetaobitelj.hr\/index.php?rest_route=%2Fwp%2Fv2%2Fcomments&post=2686"}],"version-history":[{"count":2,"href":"https:\/\/svetaobitelj.hr\/index.php?rest_route=\/wp\/v2\/posts\/2686\/revisions"}],"predecessor-version":[{"id":2688,"href":"https:\/\/svetaobitelj.hr\/index.php?rest_route=\/wp\/v2\/posts\/2686\/revisions\/2688"}],"wp:attachment":[{"href":"https:\/\/svetaobitelj.hr\/index.php?rest_route=%2Fwp%2Fv2%2Fmedia&parent=2686"}],"wp:term":[{"taxonomy":"category","embeddable":true,"href":"https:\/\/svetaobitelj.hr\/index.php?rest_route=%2Fwp%2Fv2%2Fcategories&post=2686"},{"taxonomy":"post_tag","embeddable":true,"href":"https:\/\/svetaobitelj.hr\/index.php?rest_route=%2Fwp%2Fv2%2Ftags&post=2686"}],"curies":[{"name":"wp","href":"https:\/\/api.w.org\/{rel}","templated":true}]}}