{"id":2683,"date":"2023-03-16T09:58:53","date_gmt":"2023-03-16T08:58:53","guid":{"rendered":"https:\/\/svetaobitelj.hr\/?p=2683"},"modified":"2023-03-16T09:58:53","modified_gmt":"2023-03-16T08:58:53","slug":"izbori-u-mjesnom-bratstvu-ofs","status":"publish","type":"post","link":"https:\/\/svetaobitelj.hr\/?p=2683","title":{"rendered":"Izbori u mjesnom bratstvu OFS"},"content":{"rendered":"\n<p>U nedjelju, 12. o\u017eujka 2023. godine izabrani su novi \u010dlanovi vije\u0107a na\u0161eg mjesnog bratstva OFS-a i delegat za podru\u010dnu skup\u0161tinu: Krunoslav Janc, ministar; Jasna Hazenauer, doministra; Filipina \u0160arga\u010d, tajnica; Stipe Crnkovi\u0107, voditelj formacije; Mirjana Mijatovi\u0107, blagajnica i Tatjana \u0160arga\u010d, delegat za podru\u010dnu skup\u0161tinu.<\/p>\n\n\n\n<p>Neka ih u njihovom radu prati Bo\u017eji blagoslov, te neka slijede stope na\u0161eg serafskog oca sv. Franje u poniznosti i poslu\u0161nosti bra\u0107i i sestrama u bratstvu. Mir i dobro!<\/p>\n\n\n\n<figure class=\"wp-block-gallery aligncenter columns-1 is-cropped wp-block-gallery-1 is-layout-flex wp-block-gallery-is-layout-flex\"><ul class=\"blocks-gallery-grid\"><li class=\"blocks-gallery-item\"><figure><img loading=\"lazy\" decoding=\"async\" width=\"1024\" height=\"768\" src=\"https:\/\/svetaobitelj.hr\/wp-content\/uploads\/2023\/03\/IMG-2eed0b511ea212fc7c09c392ef43961a-V-1024x768.jpg\" alt=\"\" data-id=\"2684\" data-full-url=\"https:\/\/svetaobitelj.hr\/wp-content\/uploads\/2023\/03\/IMG-2eed0b511ea212fc7c09c392ef43961a-V.jpg\" data-link=\"https:\/\/svetaobitelj.hr\/?attachment_id=2684\" class=\"wp-image-2684\" srcset=\"https:\/\/svetaobitelj.hr\/wp-content\/uploads\/2023\/03\/IMG-2eed0b511ea212fc7c09c392ef43961a-V-1024x768.jpg 1024w, https:\/\/svetaobitelj.hr\/wp-content\/uploads\/2023\/03\/IMG-2eed0b511ea212fc7c09c392ef43961a-V-300x225.jpg 300w, https:\/\/svetaobitelj.hr\/wp-content\/uploads\/2023\/03\/IMG-2eed0b511ea212fc7c09c392ef43961a-V-768x576.jpg 768w, https:\/\/svetaobitelj.hr\/wp-content\/uploads\/2023\/03\/IMG-2eed0b511ea212fc7c09c392ef43961a-V-1536x1152.jpg 1536w, https:\/\/svetaobitelj.hr\/wp-content\/uploads\/2023\/03\/IMG-2eed0b511ea212fc7c09c392ef43961a-V.jpg 1600w\" sizes=\"auto, (max-width: 1024px) 100vw, 1024px\" \/><\/figure><\/li><\/ul><\/figure>\n","protected":false},"excerpt":{"rendered":"<p>U nedjelju, 12. o\u017eujka 2023. godine izabrani su novi \u010dlanovi vije\u0107a na\u0161eg mjesnog bratstva OFS-a i delegat za podru\u010dnu skup\u0161tinu: Krunoslav Janc, ministar; Jasna Hazenauer, doministra; Filipina \u0160arga\u010d, tajnica; Stipe Crnkovi\u0107, voditelj formacije; Mirjana Mijatovi\u0107, blagajnica i Tatjana \u0160arga\u010d, delegat za podru\u010dnu skup\u0161tinu. Neka ih u njihovom radu prati Bo\u017eji blagoslov, te neka slijede stope <a href=\"https:\/\/svetaobitelj.hr\/?p=2683\" class=\"more-link\">[&hellip;]<\/a><\/p>\n","protected":false},"author":2,"featured_media":0,"comment_status":"closed","ping_status":"open","sticky":false,"template":"","format":"standard","meta":{"footnotes":""},"categories":[3],"tags":[],"class_list":["entry","author-","post-2683","post","type-post","status-publish","format-standard","category-zupa"],"_links":{"self":[{"href":"https:\/\/svetaobitelj.hr\/index.php?rest_route=\/wp\/v2\/posts\/2683","targetHints":{"allow":["GET"]}}],"collection":[{"href":"https:\/\/svetaobitelj.hr\/index.php?rest_route=\/wp\/v2\/posts"}],"about":[{"href":"https:\/\/svetaobitelj.hr\/index.php?rest_route=\/wp\/v2\/types\/post"}],"author":[{"embeddable":true,"href":"https:\/\/svetaobitelj.hr\/index.php?rest_route=\/wp\/v2\/users\/2"}],"replies":[{"embeddable":true,"href":"https:\/\/svetaobitelj.hr\/index.php?rest_route=%2Fwp%2Fv2%2Fcomments&post=2683"}],"version-history":[{"count":1,"href":"https:\/\/svetaobitelj.hr\/index.php?rest_route=\/wp\/v2\/posts\/2683\/revisions"}],"predecessor-version":[{"id":2685,"href":"https:\/\/svetaobitelj.hr\/index.php?rest_route=\/wp\/v2\/posts\/2683\/revisions\/2685"}],"wp:attachment":[{"href":"https:\/\/svetaobitelj.hr\/index.php?rest_route=%2Fwp%2Fv2%2Fmedia&parent=2683"}],"wp:term":[{"taxonomy":"category","embeddable":true,"href":"https:\/\/svetaobitelj.hr\/index.php?rest_route=%2Fwp%2Fv2%2Fcategories&post=2683"},{"taxonomy":"post_tag","embeddable":true,"href":"https:\/\/svetaobitelj.hr\/index.php?rest_route=%2Fwp%2Fv2%2Ftags&post=2683"}],"curies":[{"name":"wp","href":"https:\/\/api.w.org\/{rel}","templated":true}]}}