{"id":2680,"date":"2023-03-16T09:41:08","date_gmt":"2023-03-16T08:41:08","guid":{"rendered":"https:\/\/svetaobitelj.hr\/?p=2680"},"modified":"2023-03-16T09:41:08","modified_gmt":"2023-03-16T08:41:08","slug":"duhovna-obnova-za-djelatnike-i-volontere-caritasa","status":"publish","type":"post","link":"https:\/\/svetaobitelj.hr\/?p=2680","title":{"rendered":"Duhovna obnova za djelatnike i volontere Caritasa"},"content":{"rendered":"\n<p>Duhovna obnova za djelatnike i volontere Caritasa na temu \u201eKri\u017e i evan\u0111elje u \u017eivotu vjernika\u201c\u00a0odr\u017eana je u pastoralnim prostorima Nadbiskupskog vikarijata u Osijeku u subotu, 11. o\u017eujka, a voditelj je bio o. Aleksandar Hmilj, \u017eupnik grkokatoli\u010dke \u017eupe Uzvi\u0161enje Svetoga Kri\u017ea u Slavonskom Brodu i povjerenik za prihvat i pomo\u0107 izbjeglicama iz Ukrajine za Slavoniju. <\/p>\n\n\n\n<p>Nakon izlaganja o. Aleksandra nazo\u010dni su imali priliku za svetu ispovijed, a obnova je zavr\u0161ila misnim slavljem koje je predvodio pre\u010d. Drago Tukara uz koncelebraciju vl\u010d. Leona Noudeviwa Sagbohan, \u017eupnog upravitelj \u017dupe Ku\u0161evac  i o. Hmilj.<\/p>\n\n\n\n<div class=\"wp-block-image\"><figure class=\"aligncenter size-large\"><img loading=\"lazy\" decoding=\"async\" width=\"1024\" height=\"768\" src=\"https:\/\/svetaobitelj.hr\/wp-content\/uploads\/2023\/03\/IMG-0cb54f367437133c317723a508a069fa-V-1024x768.jpg\" alt=\"\" class=\"wp-image-2681\" srcset=\"https:\/\/svetaobitelj.hr\/wp-content\/uploads\/2023\/03\/IMG-0cb54f367437133c317723a508a069fa-V-1024x768.jpg 1024w, https:\/\/svetaobitelj.hr\/wp-content\/uploads\/2023\/03\/IMG-0cb54f367437133c317723a508a069fa-V-300x225.jpg 300w, https:\/\/svetaobitelj.hr\/wp-content\/uploads\/2023\/03\/IMG-0cb54f367437133c317723a508a069fa-V-768x576.jpg 768w, https:\/\/svetaobitelj.hr\/wp-content\/uploads\/2023\/03\/IMG-0cb54f367437133c317723a508a069fa-V-1536x1152.jpg 1536w, https:\/\/svetaobitelj.hr\/wp-content\/uploads\/2023\/03\/IMG-0cb54f367437133c317723a508a069fa-V.jpg 1600w\" sizes=\"auto, (max-width: 1024px) 100vw, 1024px\" \/><\/figure><\/div>\n\n\n\n<p> <\/p>\n","protected":false},"excerpt":{"rendered":"<p>Duhovna obnova za djelatnike i volontere Caritasa na temu \u201eKri\u017e i evan\u0111elje u \u017eivotu vjernika\u201c\u00a0odr\u017eana je u pastoralnim prostorima Nadbiskupskog vikarijata u Osijeku u subotu, 11. o\u017eujka, a voditelj je bio o. Aleksandar Hmilj, \u017eupnik grkokatoli\u010dke \u017eupe Uzvi\u0161enje Svetoga Kri\u017ea u Slavonskom Brodu i povjerenik za prihvat i pomo\u0107 izbjeglicama iz Ukrajine za Slavoniju. Nakon <a href=\"https:\/\/svetaobitelj.hr\/?p=2680\" class=\"more-link\">[&hellip;]<\/a><\/p>\n","protected":false},"author":2,"featured_media":0,"comment_status":"closed","ping_status":"open","sticky":false,"template":"","format":"standard","meta":{"footnotes":""},"categories":[3],"tags":[],"class_list":["entry","author-","post-2680","post","type-post","status-publish","format-standard","category-zupa"],"_links":{"self":[{"href":"https:\/\/svetaobitelj.hr\/index.php?rest_route=\/wp\/v2\/posts\/2680","targetHints":{"allow":["GET"]}}],"collection":[{"href":"https:\/\/svetaobitelj.hr\/index.php?rest_route=\/wp\/v2\/posts"}],"about":[{"href":"https:\/\/svetaobitelj.hr\/index.php?rest_route=\/wp\/v2\/types\/post"}],"author":[{"embeddable":true,"href":"https:\/\/svetaobitelj.hr\/index.php?rest_route=\/wp\/v2\/users\/2"}],"replies":[{"embeddable":true,"href":"https:\/\/svetaobitelj.hr\/index.php?rest_route=%2Fwp%2Fv2%2Fcomments&post=2680"}],"version-history":[{"count":1,"href":"https:\/\/svetaobitelj.hr\/index.php?rest_route=\/wp\/v2\/posts\/2680\/revisions"}],"predecessor-version":[{"id":2682,"href":"https:\/\/svetaobitelj.hr\/index.php?rest_route=\/wp\/v2\/posts\/2680\/revisions\/2682"}],"wp:attachment":[{"href":"https:\/\/svetaobitelj.hr\/index.php?rest_route=%2Fwp%2Fv2%2Fmedia&parent=2680"}],"wp:term":[{"taxonomy":"category","embeddable":true,"href":"https:\/\/svetaobitelj.hr\/index.php?rest_route=%2Fwp%2Fv2%2Fcategories&post=2680"},{"taxonomy":"post_tag","embeddable":true,"href":"https:\/\/svetaobitelj.hr\/index.php?rest_route=%2Fwp%2Fv2%2Ftags&post=2680"}],"curies":[{"name":"wp","href":"https:\/\/api.w.org\/{rel}","templated":true}]}}