{"id":2676,"date":"2023-03-11T17:13:20","date_gmt":"2023-03-11T16:13:20","guid":{"rendered":"http:\/\/svetaobitelj.hr\/?p=2676"},"modified":"2023-03-11T17:13:21","modified_gmt":"2023-03-11T16:13:21","slug":"zupne-obavijesti-3-korizmena-nedjelja-5","status":"publish","type":"post","link":"https:\/\/svetaobitelj.hr\/?p=2676","title":{"rendered":"\u017dupne obavijesti: 3. korizmena nedjelja"},"content":{"rendered":"\n<p>Slavimo tre\u0107u korizmenu nedjelju kada i zavr\u0161ava Tjedan solidarnosti s Crkvom u Bosni i Hercegovini. Nakon svetih misa skupljamo nov\u010dane priloge za na\u0161u bra\u0107u i sestre u Bosni i Hercegovini s kojima \u017eelimo biti materijalno, molitveno i duhovno povezani. Svoje nov\u010dane priloge mo\u017eete dati na izlazu iz crkve.<\/p>\n\n\n\n<p>Sutra ne\u0107e biti biblijskoga sata nakon ve\u010dernje svete mise.<\/p>\n\n\n\n<p>U utorak u 18:15 sati zapo\u010dinje pobo\u017enost 13 utoraka na \u010dast sv. Antunu Padovanskom.<\/p>\n\n\n\n<p>Pobo\u017enost kri\u017enoga puta je srijedom i petkom u 18:00 sati.<\/p>\n\n\n\n<p>U subotu se spominjemo smrti sluge Bo\u017ejega fra Vendelina Vo\u0161njaka, osniva\u010da na\u0161e Hrvatske franjeva\u010dke provincije sv. \u0106irila i Metoda, koji je umro 1933. godine. Za njega je pokrenut postupak za progla\u0161enje bla\u017eenim. <\/p>\n\n\n\n<p>Sljede\u0107e nedjelje slavimo \u010detvrtu korizmenu nedjelju od kada \u0107ete mo\u0107i kupiti svije\u0107e prigodom akcije \u201eJedna svije\u0107a za svjetlo u Obitelji\u201c, \u010dijom kupnjom poma\u017eemo Bra\u010dna i obiteljska savjetovali\u0161ta u na\u0161oj \u0110akova\u010dko \u2013 osje\u010dkoj nadbiskupiji. Blagdan sv. Josipa liturgijski \u0107emo proslaviti u ponedjeljak, 20. o\u017eujka.<\/p>\n\n\n\n<p>Korizma je vrijeme posta, molitve i dobrih djela. Caritas na\u0161e Nadbiskupije nastavlja s projektom \u201eBla\u017eenije je davati nego primati\u201c kao i \u201eDje\u010dja ko\u0161arica\u201c, \u010dime svojim nov\u010danim prilozima i \u017eive\u017enim namirnicama, poma\u017eemo djelovanju Caritasa u na\u0161oj nadbiskupiji. Prikupljanje prehrambenih proizvoda i higijenskih potrep\u0161tina za potrebite u na\u0161oj \u017eupi bit \u0107e u razdoblju izme\u0111u \u010detvrte korizmene nedjelje i Cvjetnice. Svoje darove mo\u017eete donijeti u \u017eupni ured.<\/p>\n\n\n\n<p>Zahvalni za va\u0161u pomo\u0107 kojom poma\u017eete obnovu na\u0161ih crkava i samostana nastradalih u potresima, preporu\u010damo se i nadalje va\u0161oj dobroti.<\/p>\n\n\n\n<p>Prije nekoliko dana popravljeno je na\u0161e dizalo u crkvi. Ra\u010dun za popravak je velik pa se preporu\u010dujemo va\u0161oj dobroti za nov\u010danu pomo\u0107 koliko je to u va\u0161oj mogu\u0107nosti. Unaprijed se zahvaljujemo na svakom va\u0161em daru. <\/p>\n\n\n\n<p>Molimo sve vas koji jo\u0161 nemate \u017eupnu obiteljsku knji\u017eicu ili je potrebno upisati promjene u postoje\u0107e, da se javite u \u017eupni ured u uredovno vrijeme.<\/p>\n\n\n\n<p>Termini za svete mise popunjeni su do kraja godine. <\/p>\n\n\n\n<p>Kupujte i \u010ditajte katoli\u010dki vjerski tisak.<\/p>\n","protected":false},"excerpt":{"rendered":"<p>Slavimo tre\u0107u korizmenu nedjelju kada i zavr\u0161ava Tjedan solidarnosti s Crkvom u Bosni i Hercegovini. Nakon svetih misa skupljamo nov\u010dane priloge za na\u0161u bra\u0107u i sestre u Bosni i Hercegovini s kojima \u017eelimo biti materijalno, molitveno i duhovno povezani. Svoje nov\u010dane priloge mo\u017eete dati na izlazu iz crkve. Sutra ne\u0107e biti biblijskoga sata nakon ve\u010dernje <a href=\"https:\/\/svetaobitelj.hr\/?p=2676\" class=\"more-link\">[&hellip;]<\/a><\/p>\n","protected":false},"author":2,"featured_media":0,"comment_status":"closed","ping_status":"open","sticky":false,"template":"","format":"standard","meta":{"footnotes":""},"categories":[3],"tags":[],"class_list":["entry","author-","post-2676","post","type-post","status-publish","format-standard","category-zupa"],"_links":{"self":[{"href":"https:\/\/svetaobitelj.hr\/index.php?rest_route=\/wp\/v2\/posts\/2676","targetHints":{"allow":["GET"]}}],"collection":[{"href":"https:\/\/svetaobitelj.hr\/index.php?rest_route=\/wp\/v2\/posts"}],"about":[{"href":"https:\/\/svetaobitelj.hr\/index.php?rest_route=\/wp\/v2\/types\/post"}],"author":[{"embeddable":true,"href":"https:\/\/svetaobitelj.hr\/index.php?rest_route=\/wp\/v2\/users\/2"}],"replies":[{"embeddable":true,"href":"https:\/\/svetaobitelj.hr\/index.php?rest_route=%2Fwp%2Fv2%2Fcomments&post=2676"}],"version-history":[{"count":1,"href":"https:\/\/svetaobitelj.hr\/index.php?rest_route=\/wp\/v2\/posts\/2676\/revisions"}],"predecessor-version":[{"id":2677,"href":"https:\/\/svetaobitelj.hr\/index.php?rest_route=\/wp\/v2\/posts\/2676\/revisions\/2677"}],"wp:attachment":[{"href":"https:\/\/svetaobitelj.hr\/index.php?rest_route=%2Fwp%2Fv2%2Fmedia&parent=2676"}],"wp:term":[{"taxonomy":"category","embeddable":true,"href":"https:\/\/svetaobitelj.hr\/index.php?rest_route=%2Fwp%2Fv2%2Fcategories&post=2676"},{"taxonomy":"post_tag","embeddable":true,"href":"https:\/\/svetaobitelj.hr\/index.php?rest_route=%2Fwp%2Fv2%2Ftags&post=2676"}],"curies":[{"name":"wp","href":"https:\/\/api.w.org\/{rel}","templated":true}]}}