{"id":2671,"date":"2023-03-04T08:51:38","date_gmt":"2023-03-04T07:51:38","guid":{"rendered":"https:\/\/svetaobitelj.hr\/?p=2671"},"modified":"2023-03-07T13:34:58","modified_gmt":"2023-03-07T12:34:58","slug":"zupne-obavijesti-2-korizmena-nedjelja-5","status":"publish","type":"post","link":"https:\/\/svetaobitelj.hr\/?p=2671","title":{"rendered":"\u017dupne obavijesti: 2. korizmena nedjelja"},"content":{"rendered":"\n<p>Slavimo drugu korizmenu nedjelju. Ujedno je prva nedjelja u mjesecu kada svojim molitvama i nov\u010danim prilozima poma\u017eemo radu sjemeni\u0161ta te molimo za duhovna zvanja. Svoj nov\u010dani prilog za sjemeni\u0161ta mo\u017eete dati na izlazu iz crkve. Danas zapo\u010dinje i Tjedan solidarnosti s bra\u0107om i sestrama u Bosni i Hercegovini.<\/p>\n\n\n\n<p>Sutra je biblijski sat nakon ve\u010dernje svete mise.<\/p>\n\n\n\n<p>U korizmeno vrijeme pobo\u017enost kri\u017enoga puta je srijedom i petkom u 18:00 sati.<\/p>\n\n\n\n<p>Sljede\u0107e nedjelje slavimo tre\u0107u korizmenu nedjelju kada i zavr\u0161ava Tjedan solidarnosti s Crkvom u Bosni i Hercegovini. Nakon svetih misa skupljat \u0107emo nov\u010dane priloge za na\u0161u bra\u0107u i sestre u Bosni i Hercegovini s kojima \u017eelimo biti materijalno, molitveno i duhovno povezani. Svoje nov\u010dane priloge mo\u017eete donijeti ovaj tjedan i u \u017eupni ured u uredovno vrijeme.<\/p>\n\n\n\n<p>Sljede\u0107e nedjelje redoviti je susret \u010dlanova Mjesnoga bratstva OFS-a u 15:30 sati kada \u0107e biti i izbori u bratstvu za \u010dlanove Mjesnoga vije\u0107a.<\/p>\n\n\n\n<p>Korizma je vrijeme posta, molitve i dobrih djela. Caritas na\u0161e Nadbiskupije nastavlja s projektom \u201eBla\u017eenije je davati nego primati\u201c \u010dime svojim nov\u010danim prilozima i \u017eive\u017enim namirnicama, poma\u017eemo djelovanju Caritasa u na\u0161oj nadbiskupiji. Prikupljanje prehrambenih proizvoda i higijenskih potrep\u0161tina za potrebite u na\u0161oj \u017eupi bit \u0107e u razdoblju izme\u0111u \u010detvrte korizmene nedjelje i Cvjetnice. Svoje darove mo\u017eete donijeti u \u017eupni ured.<\/p>\n\n\n\n<p>Zahvalni za va\u0161u pomo\u0107 kojom poma\u017eete obnovu na\u0161ih crkava i samostana nastradalih u potresima, preporu\u010damo se i nadalje va\u0161oj dobroti.<br>Molimo sve vas koji jo\u0161 nemate \u017eupnu obiteljsku knji\u017eicu ili je potrebno upisati promjene u postoje\u0107e, da se javite u \u017eupni ured u uredovno vrijeme.<\/p>\n\n\n\n<p>Termini za svete mise popunjeni su do kraja godine.<\/p>\n\n\n\n<p>Kupujte i \u010ditajte katoli\u010dki vjerski tisak.<\/p>\n","protected":false},"excerpt":{"rendered":"<p>Slavimo drugu korizmenu nedjelju. Ujedno je prva nedjelja u mjesecu kada svojim molitvama i nov\u010danim prilozima poma\u017eemo radu sjemeni\u0161ta te molimo za duhovna zvanja. Svoj nov\u010dani prilog za sjemeni\u0161ta mo\u017eete dati na izlazu iz crkve. Danas zapo\u010dinje i Tjedan solidarnosti s bra\u0107om i sestrama u Bosni i Hercegovini. Sutra je biblijski sat nakon ve\u010dernje svete <a href=\"https:\/\/svetaobitelj.hr\/?p=2671\" class=\"more-link\">[&hellip;]<\/a><\/p>\n","protected":false},"author":2,"featured_media":0,"comment_status":"closed","ping_status":"open","sticky":false,"template":"","format":"standard","meta":{"footnotes":""},"categories":[3],"tags":[],"class_list":["entry","author-","post-2671","post","type-post","status-publish","format-standard","category-zupa"],"_links":{"self":[{"href":"https:\/\/svetaobitelj.hr\/index.php?rest_route=\/wp\/v2\/posts\/2671","targetHints":{"allow":["GET"]}}],"collection":[{"href":"https:\/\/svetaobitelj.hr\/index.php?rest_route=\/wp\/v2\/posts"}],"about":[{"href":"https:\/\/svetaobitelj.hr\/index.php?rest_route=\/wp\/v2\/types\/post"}],"author":[{"embeddable":true,"href":"https:\/\/svetaobitelj.hr\/index.php?rest_route=\/wp\/v2\/users\/2"}],"replies":[{"embeddable":true,"href":"https:\/\/svetaobitelj.hr\/index.php?rest_route=%2Fwp%2Fv2%2Fcomments&post=2671"}],"version-history":[{"count":2,"href":"https:\/\/svetaobitelj.hr\/index.php?rest_route=\/wp\/v2\/posts\/2671\/revisions"}],"predecessor-version":[{"id":2675,"href":"https:\/\/svetaobitelj.hr\/index.php?rest_route=\/wp\/v2\/posts\/2671\/revisions\/2675"}],"wp:attachment":[{"href":"https:\/\/svetaobitelj.hr\/index.php?rest_route=%2Fwp%2Fv2%2Fmedia&parent=2671"}],"wp:term":[{"taxonomy":"category","embeddable":true,"href":"https:\/\/svetaobitelj.hr\/index.php?rest_route=%2Fwp%2Fv2%2Fcategories&post=2671"},{"taxonomy":"post_tag","embeddable":true,"href":"https:\/\/svetaobitelj.hr\/index.php?rest_route=%2Fwp%2Fv2%2Ftags&post=2671"}],"curies":[{"name":"wp","href":"https:\/\/api.w.org\/{rel}","templated":true}]}}