{"id":267,"date":"2018-03-30T09:59:55","date_gmt":"2018-03-30T08:59:55","guid":{"rendered":"http:\/\/svetaobitelj.hr\/?p=267"},"modified":"2020-01-29T21:59:11","modified_gmt":"2020-01-29T20:59:11","slug":"veliki-cetvrtak","status":"publish","type":"post","link":"https:\/\/svetaobitelj.hr\/?p=267","title":{"rendered":"Veliki \u010detvrtak"},"content":{"rendered":"<p>Na dana\u0161nji dan prisje\u0107amo se ustanovljenja Euharistije i Svetoga reda \u0161to smo proslavili svetom misom u 18:30 koju je predslavio fra Josip. On je pod misom oprao noge dvanaestorici na\u0161ih \u017eupljana prisje\u0107aju\u0107i se Isusova pranja noga apostolima. Nakon mise uslijedila je Getsemanska ura klanjanja.<\/p>\n<p><img loading=\"lazy\" decoding=\"async\" class=\"alignnone wp-image-268 size-medium\" src=\"http:\/\/svetaobitelj.hr\/wp-content\/uploads\/2018\/03\/slika2-2-e1522400422786-146x300.jpg\" alt=\"\" width=\"146\" height=\"300\" srcset=\"https:\/\/svetaobitelj.hr\/wp-content\/uploads\/2018\/03\/slika2-2-e1522400422786-146x300.jpg 146w, https:\/\/svetaobitelj.hr\/wp-content\/uploads\/2018\/03\/slika2-2-e1522400422786-768x1580.jpg 768w, https:\/\/svetaobitelj.hr\/wp-content\/uploads\/2018\/03\/slika2-2-e1522400422786-498x1024.jpg 498w, https:\/\/svetaobitelj.hr\/wp-content\/uploads\/2018\/03\/slika2-2-e1522400422786.jpg 1960w\" sizes=\"auto, (max-width: 146px) 100vw, 146px\" \/><img loading=\"lazy\" decoding=\"async\" class=\"wp-image-269 alignleft\" src=\"http:\/\/svetaobitelj.hr\/wp-content\/uploads\/2018\/03\/slika3-1-e1522400444999-225x300.jpg\" alt=\"\" width=\"229\" height=\"305\" srcset=\"https:\/\/svetaobitelj.hr\/wp-content\/uploads\/2018\/03\/slika3-1-e1522400444999-225x300.jpg 225w, https:\/\/svetaobitelj.hr\/wp-content\/uploads\/2018\/03\/slika3-1-e1522400444999-768x1024.jpg 768w\" sizes=\"auto, (max-width: 229px) 100vw, 229px\" \/><\/p>\n","protected":false},"excerpt":{"rendered":"<p>Na dana\u0161nji dan prisje\u0107amo se ustanovljenja Euharistije i Svetoga reda \u0161to smo proslavili svetom misom u 18:30 koju je predslavio fra Josip. On je pod misom oprao noge dvanaestorici na\u0161ih \u017eupljana prisje\u0107aju\u0107i se Isusova pranja noga apostolima. Nakon mise uslijedila je Getsemanska ura klanjanja.<\/p>\n","protected":false},"author":2,"featured_media":0,"comment_status":"closed","ping_status":"closed","sticky":false,"template":"","format":"standard","meta":{"footnotes":""},"categories":[3],"tags":[],"class_list":["entry","author-","post-267","post","type-post","status-publish","format-standard","category-zupa"],"_links":{"self":[{"href":"https:\/\/svetaobitelj.hr\/index.php?rest_route=\/wp\/v2\/posts\/267","targetHints":{"allow":["GET"]}}],"collection":[{"href":"https:\/\/svetaobitelj.hr\/index.php?rest_route=\/wp\/v2\/posts"}],"about":[{"href":"https:\/\/svetaobitelj.hr\/index.php?rest_route=\/wp\/v2\/types\/post"}],"author":[{"embeddable":true,"href":"https:\/\/svetaobitelj.hr\/index.php?rest_route=\/wp\/v2\/users\/2"}],"replies":[{"embeddable":true,"href":"https:\/\/svetaobitelj.hr\/index.php?rest_route=%2Fwp%2Fv2%2Fcomments&post=267"}],"version-history":[{"count":5,"href":"https:\/\/svetaobitelj.hr\/index.php?rest_route=\/wp\/v2\/posts\/267\/revisions"}],"predecessor-version":[{"id":274,"href":"https:\/\/svetaobitelj.hr\/index.php?rest_route=\/wp\/v2\/posts\/267\/revisions\/274"}],"wp:attachment":[{"href":"https:\/\/svetaobitelj.hr\/index.php?rest_route=%2Fwp%2Fv2%2Fmedia&parent=267"}],"wp:term":[{"taxonomy":"category","embeddable":true,"href":"https:\/\/svetaobitelj.hr\/index.php?rest_route=%2Fwp%2Fv2%2Fcategories&post=267"},{"taxonomy":"post_tag","embeddable":true,"href":"https:\/\/svetaobitelj.hr\/index.php?rest_route=%2Fwp%2Fv2%2Ftags&post=267"}],"curies":[{"name":"wp","href":"https:\/\/api.w.org\/{rel}","templated":true}]}}