{"id":259,"date":"2018-03-28T19:32:49","date_gmt":"2018-03-28T18:32:49","guid":{"rendered":"http:\/\/svetaobitelj.hr\/?p=259"},"modified":"2020-01-29T21:59:11","modified_gmt":"2020-01-29T20:59:11","slug":"aktivnosti-u-vrticu-marija-petkovic","status":"publish","type":"post","link":"https:\/\/svetaobitelj.hr\/?p=259","title":{"rendered":"Aktivnosti u vrti\u0107u &#8220;Marija Petkovi\u0107&#8221;"},"content":{"rendered":"<p>26. o\u017eujka 2018. odr\u017eana je duhovna obnova za roditelje djece koja poha\u0111aju vjerski vrti\u0107 &#8220;Marija Petkovi\u0107&#8221; u Osijeku koju je predvodio fra Dragutin Bedeni\u010di\u0107.<br \/>\nNjihova djeca donijela su u crkvu svoje nov\u010dane darove za potrebe \u017eupnoga Caritasa koje su skupljali kroz Korizmu u svojim obiteljima. Na ovaj na\u010din poti\u010de se djecu na odricanje u korist onih najpotrebitijih te ih se u\u010di da je darivanje dio na\u0161ega vjerskog \u017eivljenja.<\/p>\n<p><img loading=\"lazy\" decoding=\"async\" class=\"wp-image-260 alignleft\" src=\"http:\/\/svetaobitelj.hr\/wp-content\/uploads\/2018\/03\/caritas-300x225.jpg\" alt=\"\" width=\"259\" height=\"194\" srcset=\"https:\/\/svetaobitelj.hr\/wp-content\/uploads\/2018\/03\/caritas-300x225.jpg 300w, https:\/\/svetaobitelj.hr\/wp-content\/uploads\/2018\/03\/caritas-768x576.jpg 768w, https:\/\/svetaobitelj.hr\/wp-content\/uploads\/2018\/03\/caritas-1024x768.jpg 1024w\" sizes=\"auto, (max-width: 259px) 100vw, 259px\" \/><\/p>\n<figure id=\"attachment_261\" aria-describedby=\"caption-attachment-261\" style=\"width: 300px\" class=\"wp-caption alignleft\"><img loading=\"lazy\" decoding=\"async\" class=\"size-medium wp-image-261\" src=\"http:\/\/svetaobitelj.hr\/wp-content\/uploads\/2018\/03\/duhovna-obnova-2-300x225.jpg\" alt=\"\" width=\"300\" height=\"225\" srcset=\"https:\/\/svetaobitelj.hr\/wp-content\/uploads\/2018\/03\/duhovna-obnova-2-300x225.jpg 300w, https:\/\/svetaobitelj.hr\/wp-content\/uploads\/2018\/03\/duhovna-obnova-2-768x576.jpg 768w, https:\/\/svetaobitelj.hr\/wp-content\/uploads\/2018\/03\/duhovna-obnova-2-1024x768.jpg 1024w\" sizes=\"auto, (max-width: 300px) 100vw, 300px\" \/><figcaption id=\"caption-attachment-261\" class=\"wp-caption-text\">OLYMPUS DIGITAL CAMERA<\/figcaption><\/figure>\n","protected":false},"excerpt":{"rendered":"<p>26. o\u017eujka 2018. odr\u017eana je duhovna obnova za roditelje djece koja poha\u0111aju vjerski vrti\u0107 &#8220;Marija Petkovi\u0107&#8221; u Osijeku koju je predvodio fra Dragutin Bedeni\u010di\u0107. Njihova djeca donijela su u crkvu svoje nov\u010dane darove za potrebe \u017eupnoga Caritasa koje su skupljali kroz Korizmu u svojim obiteljima. Na ovaj na\u010din poti\u010de se djecu na odricanje u korist <a href=\"https:\/\/svetaobitelj.hr\/?p=259\" class=\"more-link\">[&hellip;]<\/a><\/p>\n","protected":false},"author":2,"featured_media":0,"comment_status":"closed","ping_status":"closed","sticky":false,"template":"","format":"standard","meta":{"footnotes":""},"categories":[3],"tags":[],"class_list":["entry","author-","post-259","post","type-post","status-publish","format-standard","category-zupa"],"_links":{"self":[{"href":"https:\/\/svetaobitelj.hr\/index.php?rest_route=\/wp\/v2\/posts\/259","targetHints":{"allow":["GET"]}}],"collection":[{"href":"https:\/\/svetaobitelj.hr\/index.php?rest_route=\/wp\/v2\/posts"}],"about":[{"href":"https:\/\/svetaobitelj.hr\/index.php?rest_route=\/wp\/v2\/types\/post"}],"author":[{"embeddable":true,"href":"https:\/\/svetaobitelj.hr\/index.php?rest_route=\/wp\/v2\/users\/2"}],"replies":[{"embeddable":true,"href":"https:\/\/svetaobitelj.hr\/index.php?rest_route=%2Fwp%2Fv2%2Fcomments&post=259"}],"version-history":[{"count":2,"href":"https:\/\/svetaobitelj.hr\/index.php?rest_route=\/wp\/v2\/posts\/259\/revisions"}],"predecessor-version":[{"id":278,"href":"https:\/\/svetaobitelj.hr\/index.php?rest_route=\/wp\/v2\/posts\/259\/revisions\/278"}],"wp:attachment":[{"href":"https:\/\/svetaobitelj.hr\/index.php?rest_route=%2Fwp%2Fv2%2Fmedia&parent=259"}],"wp:term":[{"taxonomy":"category","embeddable":true,"href":"https:\/\/svetaobitelj.hr\/index.php?rest_route=%2Fwp%2Fv2%2Fcategories&post=259"},{"taxonomy":"post_tag","embeddable":true,"href":"https:\/\/svetaobitelj.hr\/index.php?rest_route=%2Fwp%2Fv2%2Ftags&post=259"}],"curies":[{"name":"wp","href":"https:\/\/api.w.org\/{rel}","templated":true}]}}