{"id":2570,"date":"2022-12-27T07:57:34","date_gmt":"2022-12-27T06:57:34","guid":{"rendered":"https:\/\/svetaobitelj.hr\/?p=2570"},"modified":"2022-12-27T07:57:35","modified_gmt":"2022-12-27T06:57:35","slug":"sretan-bozic","status":"publish","type":"post","link":"https:\/\/svetaobitelj.hr\/?p=2570","title":{"rendered":"Sretan Bo\u017ei\u0107!"},"content":{"rendered":"\n<div class=\"wp-block-image\"><figure class=\"aligncenter size-large\"><img loading=\"lazy\" decoding=\"async\" width=\"1024\" height=\"768\" src=\"https:\/\/svetaobitelj.hr\/wp-content\/uploads\/2022\/12\/IMG-372d76651f2c36c6f0c41cd3c8ba5cbe-V-1024x768.jpg\" alt=\"\" class=\"wp-image-2571\" srcset=\"https:\/\/svetaobitelj.hr\/wp-content\/uploads\/2022\/12\/IMG-372d76651f2c36c6f0c41cd3c8ba5cbe-V-1024x768.jpg 1024w, https:\/\/svetaobitelj.hr\/wp-content\/uploads\/2022\/12\/IMG-372d76651f2c36c6f0c41cd3c8ba5cbe-V-300x225.jpg 300w, https:\/\/svetaobitelj.hr\/wp-content\/uploads\/2022\/12\/IMG-372d76651f2c36c6f0c41cd3c8ba5cbe-V-768x576.jpg 768w, https:\/\/svetaobitelj.hr\/wp-content\/uploads\/2022\/12\/IMG-372d76651f2c36c6f0c41cd3c8ba5cbe-V-1536x1152.jpg 1536w, https:\/\/svetaobitelj.hr\/wp-content\/uploads\/2022\/12\/IMG-372d76651f2c36c6f0c41cd3c8ba5cbe-V.jpg 1600w\" sizes=\"auto, (max-width: 1024px) 100vw, 1024px\" \/><\/figure><\/div>\n\n\n\n<p>Radost i\u0161\u010dekivanja Bo\u017ei\u0107a, zapo\u010deli smo prije tzv. dje\u010dje polno\u0107ne uno\u0161enjem Betlehemskog svjetla koje su nam donijeli izvi\u0111a\u010di, te dje\u010djom priredbom. Fra Stjepan predvodio je misu u 20:00 sati, po kojom je unesen i maleni Isus te stavljen u jaslice. U pola no\u0107i svetu misu predvodio je fra Dragutin.<\/p>\n\n\n\n<div class=\"wp-block-image\"><figure class=\"aligncenter size-large\"><img loading=\"lazy\" decoding=\"async\" width=\"1024\" height=\"768\" src=\"https:\/\/svetaobitelj.hr\/wp-content\/uploads\/2022\/12\/IMG-a24266d56d7dd2e818bc0a2a92244946-V-1024x768.jpg\" alt=\"\" class=\"wp-image-2572\" srcset=\"https:\/\/svetaobitelj.hr\/wp-content\/uploads\/2022\/12\/IMG-a24266d56d7dd2e818bc0a2a92244946-V-1024x768.jpg 1024w, https:\/\/svetaobitelj.hr\/wp-content\/uploads\/2022\/12\/IMG-a24266d56d7dd2e818bc0a2a92244946-V-300x225.jpg 300w, https:\/\/svetaobitelj.hr\/wp-content\/uploads\/2022\/12\/IMG-a24266d56d7dd2e818bc0a2a92244946-V-768x576.jpg 768w, https:\/\/svetaobitelj.hr\/wp-content\/uploads\/2022\/12\/IMG-a24266d56d7dd2e818bc0a2a92244946-V-1536x1152.jpg 1536w, https:\/\/svetaobitelj.hr\/wp-content\/uploads\/2022\/12\/IMG-a24266d56d7dd2e818bc0a2a92244946-V.jpg 1600w\" sizes=\"auto, (max-width: 1024px) 100vw, 1024px\" \/><\/figure><\/div>\n\n\n\n<p>\u201eBo\u017ei\u0107 nije nikada samo jedno pro\u0161lo ro\u0111enje, \u2018ro\u0111endan\u2019; on je stalno preporo\u0111enje. Bo\u017ei\u0107 je Bo\u017eji Sin koji postaje \u010dovjek, ali sa svrhom koja Bo\u017ei\u0107 uvijek \u010dini novim i presudnim: postao je \u010dov\u00adjek da bi ljudi postali kao Bog. Bo\u017ei\u0107 nije veli\u010danje \u010dovjeka onakva kakav jest; on mu predla\u017ee nove ciljeve, da poduzme nove zahvate, iznad njegovih sila. No, to jo\u0161 nije najdublji razlog koji \u010dini ovaj blagdan. Na\u0161e pobo\u017eanstvenjenje nije ne\u0161to neo\u010dekivano i ne\u0161to suvi\u0161no. To je ostvarenje nacrta za koji smo stvoreni, odvijanje jednog jedinog plana u koji spada stvaranje i otkupljenje, zemaljski i vje\u010dni \u017eivot, sada\u0161njost i budu\u0107nost. Bo\u017ei\u0107 je slavlje na\u0161eg pravog identiteta. Nije Isus Krist stvoren kao mi, nego mi smo stvoreni kao on. Bo\u017ei\u0107 je blagdan na\u0161eg utjelovljenja u njega.\u201c mons. \u0110uro Hrani\u0107, \u0110akova\u010dko-osje\u010dki nadbiskup<\/p>\n\n\n\n<p>Uredni\u0161tvo \u017eupne web stranice od srca Vam svima \u017eeli sretan Bo\u017ei\u0107 i obilje zdravlja, mira i ljubavi!<\/p>\n","protected":false},"excerpt":{"rendered":"<p>Radost i\u0161\u010dekivanja Bo\u017ei\u0107a, zapo\u010deli smo prije tzv. dje\u010dje polno\u0107ne uno\u0161enjem Betlehemskog svjetla koje su nam donijeli izvi\u0111a\u010di, te dje\u010djom priredbom. Fra Stjepan predvodio je misu u 20:00 sati, po kojom je unesen i maleni Isus te stavljen u jaslice. U pola no\u0107i svetu misu predvodio je fra Dragutin. \u201eBo\u017ei\u0107 nije nikada samo jedno pro\u0161lo ro\u0111enje, <a href=\"https:\/\/svetaobitelj.hr\/?p=2570\" class=\"more-link\">[&hellip;]<\/a><\/p>\n","protected":false},"author":2,"featured_media":0,"comment_status":"closed","ping_status":"open","sticky":false,"template":"","format":"standard","meta":{"footnotes":""},"categories":[3],"tags":[],"class_list":["entry","author-","post-2570","post","type-post","status-publish","format-standard","category-zupa"],"_links":{"self":[{"href":"https:\/\/svetaobitelj.hr\/index.php?rest_route=\/wp\/v2\/posts\/2570","targetHints":{"allow":["GET"]}}],"collection":[{"href":"https:\/\/svetaobitelj.hr\/index.php?rest_route=\/wp\/v2\/posts"}],"about":[{"href":"https:\/\/svetaobitelj.hr\/index.php?rest_route=\/wp\/v2\/types\/post"}],"author":[{"embeddable":true,"href":"https:\/\/svetaobitelj.hr\/index.php?rest_route=\/wp\/v2\/users\/2"}],"replies":[{"embeddable":true,"href":"https:\/\/svetaobitelj.hr\/index.php?rest_route=%2Fwp%2Fv2%2Fcomments&post=2570"}],"version-history":[{"count":1,"href":"https:\/\/svetaobitelj.hr\/index.php?rest_route=\/wp\/v2\/posts\/2570\/revisions"}],"predecessor-version":[{"id":2573,"href":"https:\/\/svetaobitelj.hr\/index.php?rest_route=\/wp\/v2\/posts\/2570\/revisions\/2573"}],"wp:attachment":[{"href":"https:\/\/svetaobitelj.hr\/index.php?rest_route=%2Fwp%2Fv2%2Fmedia&parent=2570"}],"wp:term":[{"taxonomy":"category","embeddable":true,"href":"https:\/\/svetaobitelj.hr\/index.php?rest_route=%2Fwp%2Fv2%2Fcategories&post=2570"},{"taxonomy":"post_tag","embeddable":true,"href":"https:\/\/svetaobitelj.hr\/index.php?rest_route=%2Fwp%2Fv2%2Ftags&post=2570"}],"curies":[{"name":"wp","href":"https:\/\/api.w.org\/{rel}","templated":true}]}}