{"id":2530,"date":"2022-12-06T12:08:40","date_gmt":"2022-12-06T11:08:40","guid":{"rendered":"https:\/\/svetaobitelj.hr\/?p=2530"},"modified":"2022-12-06T12:08:41","modified_gmt":"2022-12-06T11:08:41","slug":"hodocasce-gospi-osjeckoj","status":"publish","type":"post","link":"https:\/\/svetaobitelj.hr\/?p=2530","title":{"rendered":"Hodo\u010da\u0161\u0107e Gospi Osje\u010dkoj"},"content":{"rendered":"\n<div class=\"wp-block-image\"><figure class=\"aligncenter size-large\"><img loading=\"lazy\" decoding=\"async\" width=\"1024\" height=\"768\" src=\"https:\/\/svetaobitelj.hr\/wp-content\/uploads\/2022\/12\/IMG-97d8b7242bf131b0ae63b5bd2247c926-V-1024x768.jpg\" alt=\"\" class=\"wp-image-2531\" srcset=\"https:\/\/svetaobitelj.hr\/wp-content\/uploads\/2022\/12\/IMG-97d8b7242bf131b0ae63b5bd2247c926-V-1024x768.jpg 1024w, https:\/\/svetaobitelj.hr\/wp-content\/uploads\/2022\/12\/IMG-97d8b7242bf131b0ae63b5bd2247c926-V-300x225.jpg 300w, https:\/\/svetaobitelj.hr\/wp-content\/uploads\/2022\/12\/IMG-97d8b7242bf131b0ae63b5bd2247c926-V-768x576.jpg 768w, https:\/\/svetaobitelj.hr\/wp-content\/uploads\/2022\/12\/IMG-97d8b7242bf131b0ae63b5bd2247c926-V-1536x1152.jpg 1536w, https:\/\/svetaobitelj.hr\/wp-content\/uploads\/2022\/12\/IMG-97d8b7242bf131b0ae63b5bd2247c926-V.jpg 1600w\" sizes=\"auto, (max-width: 1024px) 100vw, 1024px\" \/><\/figure><\/div>\n\n\n\n<p>U nedjelju, 04. prosinca 2022. godine, ve\u0107 tradicionalno su na\u0161i \u017eupljani i \u010dlanovi zbora vo\u0111eni sestrom Helenom u sklopu devetnice u \u010dast Gospi Osje\u010dkoj hodo\u010dastili u franjeva\u010dku crkvu Svetog Kri\u017ea u Tvr\u0111u. Svetu misu predvodio je na\u0161 \u017eupnik, a animirao ju je zbor na\u0161e \u017eupe.<\/p>\n","protected":false},"excerpt":{"rendered":"<p>U nedjelju, 04. prosinca 2022. godine, ve\u0107 tradicionalno su na\u0161i \u017eupljani i \u010dlanovi zbora vo\u0111eni sestrom Helenom u sklopu devetnice u \u010dast Gospi Osje\u010dkoj hodo\u010dastili u franjeva\u010dku crkvu Svetog Kri\u017ea u Tvr\u0111u. Svetu misu predvodio je na\u0161 \u017eupnik, a animirao ju je zbor na\u0161e \u017eupe.<\/p>\n","protected":false},"author":2,"featured_media":0,"comment_status":"closed","ping_status":"open","sticky":false,"template":"","format":"standard","meta":{"footnotes":""},"categories":[3],"tags":[],"class_list":["entry","author-","post-2530","post","type-post","status-publish","format-standard","category-zupa"],"_links":{"self":[{"href":"https:\/\/svetaobitelj.hr\/index.php?rest_route=\/wp\/v2\/posts\/2530","targetHints":{"allow":["GET"]}}],"collection":[{"href":"https:\/\/svetaobitelj.hr\/index.php?rest_route=\/wp\/v2\/posts"}],"about":[{"href":"https:\/\/svetaobitelj.hr\/index.php?rest_route=\/wp\/v2\/types\/post"}],"author":[{"embeddable":true,"href":"https:\/\/svetaobitelj.hr\/index.php?rest_route=\/wp\/v2\/users\/2"}],"replies":[{"embeddable":true,"href":"https:\/\/svetaobitelj.hr\/index.php?rest_route=%2Fwp%2Fv2%2Fcomments&post=2530"}],"version-history":[{"count":1,"href":"https:\/\/svetaobitelj.hr\/index.php?rest_route=\/wp\/v2\/posts\/2530\/revisions"}],"predecessor-version":[{"id":2532,"href":"https:\/\/svetaobitelj.hr\/index.php?rest_route=\/wp\/v2\/posts\/2530\/revisions\/2532"}],"wp:attachment":[{"href":"https:\/\/svetaobitelj.hr\/index.php?rest_route=%2Fwp%2Fv2%2Fmedia&parent=2530"}],"wp:term":[{"taxonomy":"category","embeddable":true,"href":"https:\/\/svetaobitelj.hr\/index.php?rest_route=%2Fwp%2Fv2%2Fcategories&post=2530"},{"taxonomy":"post_tag","embeddable":true,"href":"https:\/\/svetaobitelj.hr\/index.php?rest_route=%2Fwp%2Fv2%2Ftags&post=2530"}],"curies":[{"name":"wp","href":"https:\/\/api.w.org\/{rel}","templated":true}]}}