{"id":2526,"date":"2022-12-01T09:09:58","date_gmt":"2022-12-01T08:09:58","guid":{"rendered":"https:\/\/svetaobitelj.hr\/?p=2526"},"modified":"2022-12-01T09:09:58","modified_gmt":"2022-12-01T08:09:58","slug":"zupne-obavijesti-2-nedjelja-dosasca-3","status":"publish","type":"post","link":"https:\/\/svetaobitelj.hr\/?p=2526","title":{"rendered":"\u017dupne obavijesti: 2. nedjelja do\u0161a\u0161\u0107a"},"content":{"rendered":"\n<p>Slavimo drugu nedjelju do\u0161a\u0161\u0107a. Prva je nedjelja u mjesecu kada svojim molitvama i nov\u010danim prilozima poma\u017eemo na\u0161im sjemeni\u0161tima te molimo za duhovna zvanja. Svoj nov\u010dani prilog za sjemeni\u0161ta mo\u017eete dati na izlazu iz crkve.<\/p>\n\n\n\n<p>Mise zornice su svakoga radnog dana u 6 sati. U <em>srijedu<\/em> je nakon ve\u010dernje svete mise susret na\u0161e \u017eupne molitvene zajednice. U <em>\u010detvrtak<\/em> slavimo svetkovinu Bezgre\u0161no Za\u010de\u0107e BDM. Svete mise su u 6:00 i u 18:30 sati. U <em>petak<\/em> je u 18:15 pobo\u017enost na \u010dast bl. Marije od Propetoga Petkovi\u0107. Sljede\u0107e nedjelje slavimo tre\u0107u nedjelju do\u0161a\u0161\u0107a koja je i Nedjelja Caritasa kada svojim molitvama i nov\u010danim prilozima poma\u017eemo njegovo djelovanje. Mo\u017eete donijeti caritasove kutijice koje ste uzeli na po\u010detku do\u0161a\u0161\u0107a i u njih stavljali svoje nov\u010dane priloge. Redoviti mjese\u010dni susret Mjesnoga bratstva OFS-a bit \u0107e u 16:30 sati.<\/p>\n\n\n\n<p>Biskup Prosper Balthazar Lyimo, pomo\u0107ni biskup u Arushi, u Tanzaniji, boravi u na\u0161oj Nadbiskupiji do 11. prosinca ove godine. U na\u0161oj \u0107e \u017eupi biti sljede\u0107e nedjelje na svetim misama u 9:00 i u 11:00 sati. \u017delja nam je da jo\u0161 ovaj tjedan do\u0161a\u0161\u0107a prikupljamo nov\u010dana sredstva za potrebe misija u Arushi. Tko \u017eeli dati svoj nov\u010dani prilog za tu misiju mo\u017ee to u\u010diniti nakon misa zornica do 10. prosinca kao i u \u017eupnom uredu. Vjerujemo da \u0107emo u ovo vrijeme do\u0161a\u0161\u0107a pokazati svoju djelotvornu ljubav prema potrebama misija kao \u0161to smo i do sada bili prepoznati u materijalnom darivanju i u<br>molitvama.<\/p>\n\n\n\n<p>Podsje\u0107amo one koji su kumovi djeci u Beninu da uplate svoj dar.<\/p>\n\n\n\n<p>Vrijeme do\u0161a\u0161\u0107a je i vrijeme kada kao vjernici poma\u017eemo bra\u0107i i sestrama u potrebi. Prikupljanje prehrambenih proizvoda i higijenskih potrep\u0161tina za potrebite na\u0161e \u017dupe bit \u0107e jo\u0161 ovaj tjedan. Caritas na\u0161e Nadbiskupije<br>nastavlja s projektom \u201eDje\u010dja ko\u0161arica\u201c kao i projektom \u201eBla\u017eenije je davati nego primati\u201c \u010dime svojim nov\u010danim prilozima te hranom, higijenskim i dje\u010djim potrep\u0161tinama poma\u017eemo Caritasov Centar za majku i dijete, Pu\u010dku kuhinju i Centar za besku\u0107nike u Osijeku. Svoje darove mo\u017eete donijeti u \u017eupni ured.<\/p>\n\n\n\n<p>Ispovijed \u0161kolske djece bit \u0107e u srijedu, 14. prosinca i u \u010detvrtak, 15. prosinca, u 9:00 i u 15:00 sati, a starih i bolesnih koji ne mogu do\u0107i u crkvu bit \u0107e u ponedjeljak, 20. prosinca od 8:30 sati. Starije i bolesne potrebno je prijaviti u \u017eupnom uredu.<\/p>\n\n\n\n<p>Pozvani smo uklju\u010diti se u akciju \u201eDjelo sv. Petra\u201c \u010dime poma\u017eemo misionarima uplatom misnih intencija. Zahvalni za va\u0161u pomo\u0107 kojom poma\u017eete obnovu na\u0161ih crkava i samostana nastradalih u potresima, preporu\u010damo se i nadalje va\u0161oj dobroti. Molimo sve vas koji jo\u0161 nemate \u017eupnu obiteljsku knji\u017eicu ili je potrebno upisati promjene u postoje\u0107e, da se javite u \u017eupni ured. Kupujte i \u010ditajte katoli\u010dki vjerski tisak. U \u017eupnom uredu i gornjoj sakristiji mo\u017eete kupiti kalendare za sljede\u0107u godinu.<\/p>\n","protected":false},"excerpt":{"rendered":"<p>Slavimo drugu nedjelju do\u0161a\u0161\u0107a. Prva je nedjelja u mjesecu kada svojim molitvama i nov\u010danim prilozima poma\u017eemo na\u0161im sjemeni\u0161tima te molimo za duhovna zvanja. Svoj nov\u010dani prilog za sjemeni\u0161ta mo\u017eete dati na izlazu iz crkve. Mise zornice su svakoga radnog dana u 6 sati. U srijedu je nakon ve\u010dernje svete mise susret na\u0161e \u017eupne molitvene zajednice. <a href=\"https:\/\/svetaobitelj.hr\/?p=2526\" class=\"more-link\">[&hellip;]<\/a><\/p>\n","protected":false},"author":2,"featured_media":0,"comment_status":"closed","ping_status":"open","sticky":false,"template":"","format":"standard","meta":{"footnotes":""},"categories":[3],"tags":[],"class_list":["entry","author-","post-2526","post","type-post","status-publish","format-standard","category-zupa"],"_links":{"self":[{"href":"https:\/\/svetaobitelj.hr\/index.php?rest_route=\/wp\/v2\/posts\/2526","targetHints":{"allow":["GET"]}}],"collection":[{"href":"https:\/\/svetaobitelj.hr\/index.php?rest_route=\/wp\/v2\/posts"}],"about":[{"href":"https:\/\/svetaobitelj.hr\/index.php?rest_route=\/wp\/v2\/types\/post"}],"author":[{"embeddable":true,"href":"https:\/\/svetaobitelj.hr\/index.php?rest_route=\/wp\/v2\/users\/2"}],"replies":[{"embeddable":true,"href":"https:\/\/svetaobitelj.hr\/index.php?rest_route=%2Fwp%2Fv2%2Fcomments&post=2526"}],"version-history":[{"count":2,"href":"https:\/\/svetaobitelj.hr\/index.php?rest_route=\/wp\/v2\/posts\/2526\/revisions"}],"predecessor-version":[{"id":2528,"href":"https:\/\/svetaobitelj.hr\/index.php?rest_route=\/wp\/v2\/posts\/2526\/revisions\/2528"}],"wp:attachment":[{"href":"https:\/\/svetaobitelj.hr\/index.php?rest_route=%2Fwp%2Fv2%2Fmedia&parent=2526"}],"wp:term":[{"taxonomy":"category","embeddable":true,"href":"https:\/\/svetaobitelj.hr\/index.php?rest_route=%2Fwp%2Fv2%2Fcategories&post=2526"},{"taxonomy":"post_tag","embeddable":true,"href":"https:\/\/svetaobitelj.hr\/index.php?rest_route=%2Fwp%2Fv2%2Ftags&post=2526"}],"curies":[{"name":"wp","href":"https:\/\/api.w.org\/{rel}","templated":true}]}}