{"id":2519,"date":"2022-11-28T19:31:36","date_gmt":"2022-11-28T18:31:36","guid":{"rendered":"http:\/\/svetaobitelj.hr\/?p=2519"},"modified":"2022-11-30T10:16:32","modified_gmt":"2022-11-30T09:16:32","slug":"predstavljanje-prvopricesnika","status":"publish","type":"post","link":"https:\/\/svetaobitelj.hr\/?p=2519","title":{"rendered":"Predstavljanje prvopri\u010desnika i krizmanika"},"content":{"rendered":"\n<div class=\"wp-block-image\"><figure class=\"aligncenter size-large\"><img loading=\"lazy\" decoding=\"async\" width=\"1024\" height=\"768\" src=\"http:\/\/svetaobitelj.hr\/wp-content\/uploads\/2022\/11\/IMG-283f77cb95af24d2ad7860025199768d-V-1024x768.jpg\" alt=\"\" class=\"wp-image-2520\" srcset=\"https:\/\/svetaobitelj.hr\/wp-content\/uploads\/2022\/11\/IMG-283f77cb95af24d2ad7860025199768d-V-1024x768.jpg 1024w, https:\/\/svetaobitelj.hr\/wp-content\/uploads\/2022\/11\/IMG-283f77cb95af24d2ad7860025199768d-V-300x225.jpg 300w, https:\/\/svetaobitelj.hr\/wp-content\/uploads\/2022\/11\/IMG-283f77cb95af24d2ad7860025199768d-V-768x576.jpg 768w, https:\/\/svetaobitelj.hr\/wp-content\/uploads\/2022\/11\/IMG-283f77cb95af24d2ad7860025199768d-V-1536x1152.jpg 1536w, https:\/\/svetaobitelj.hr\/wp-content\/uploads\/2022\/11\/IMG-283f77cb95af24d2ad7860025199768d-V.jpg 1600w\" sizes=\"auto, (max-width: 1024px) 100vw, 1024px\" \/><\/figure><\/div>\n\n\n\n<p>Na prvu nedjelju do\u0161a\u0161\u0107a, pod svetom misom u 11,00 sati, na\u0161oj \u017eupnoj zajednici predstavljeni prvopri\u010desnici i krizmanici koji bi trebali idu\u0107e godine pristupiti sakramentu Prve pri\u010desti i Svete potvrde. Tom prigodom prvopri\u010desnici su od \u017eupnika primili svoj prvi molitvenik pomo\u0107u kojega \u0107e se pripremati na prvu svetu ispovijed i na primanje pri\u010desti. Nosimo ovogodi\u0161nje prvopri\u010desnike i krizmanike u svojim molitvama i pratimo ih radosno na va\u017enim etapama u njihovom kr\u0161\u0107anskom \u017eivotu.<\/p>\n","protected":false},"excerpt":{"rendered":"<p>Na prvu nedjelju do\u0161a\u0161\u0107a, pod svetom misom u 11,00 sati, na\u0161oj \u017eupnoj zajednici predstavljeni prvopri\u010desnici i krizmanici koji bi trebali idu\u0107e godine pristupiti sakramentu Prve pri\u010desti i Svete potvrde. Tom prigodom prvopri\u010desnici su od \u017eupnika primili svoj prvi molitvenik pomo\u0107u kojega \u0107e se pripremati na prvu svetu ispovijed i na primanje pri\u010desti. Nosimo ovogodi\u0161nje prvopri\u010desnike <a href=\"https:\/\/svetaobitelj.hr\/?p=2519\" class=\"more-link\">[&hellip;]<\/a><\/p>\n","protected":false},"author":2,"featured_media":0,"comment_status":"closed","ping_status":"open","sticky":false,"template":"","format":"standard","meta":{"footnotes":""},"categories":[3],"tags":[],"class_list":["entry","author-","post-2519","post","type-post","status-publish","format-standard","category-zupa"],"_links":{"self":[{"href":"https:\/\/svetaobitelj.hr\/index.php?rest_route=\/wp\/v2\/posts\/2519","targetHints":{"allow":["GET"]}}],"collection":[{"href":"https:\/\/svetaobitelj.hr\/index.php?rest_route=\/wp\/v2\/posts"}],"about":[{"href":"https:\/\/svetaobitelj.hr\/index.php?rest_route=\/wp\/v2\/types\/post"}],"author":[{"embeddable":true,"href":"https:\/\/svetaobitelj.hr\/index.php?rest_route=\/wp\/v2\/users\/2"}],"replies":[{"embeddable":true,"href":"https:\/\/svetaobitelj.hr\/index.php?rest_route=%2Fwp%2Fv2%2Fcomments&post=2519"}],"version-history":[{"count":2,"href":"https:\/\/svetaobitelj.hr\/index.php?rest_route=\/wp\/v2\/posts\/2519\/revisions"}],"predecessor-version":[{"id":2522,"href":"https:\/\/svetaobitelj.hr\/index.php?rest_route=\/wp\/v2\/posts\/2519\/revisions\/2522"}],"wp:attachment":[{"href":"https:\/\/svetaobitelj.hr\/index.php?rest_route=%2Fwp%2Fv2%2Fmedia&parent=2519"}],"wp:term":[{"taxonomy":"category","embeddable":true,"href":"https:\/\/svetaobitelj.hr\/index.php?rest_route=%2Fwp%2Fv2%2Fcategories&post=2519"},{"taxonomy":"post_tag","embeddable":true,"href":"https:\/\/svetaobitelj.hr\/index.php?rest_route=%2Fwp%2Fv2%2Ftags&post=2519"}],"curies":[{"name":"wp","href":"https:\/\/api.w.org\/{rel}","templated":true}]}}