{"id":2512,"date":"2022-11-24T09:49:07","date_gmt":"2022-11-24T08:49:07","guid":{"rendered":"https:\/\/svetaobitelj.hr\/?p=2512"},"modified":"2022-11-24T09:49:08","modified_gmt":"2022-11-24T08:49:08","slug":"spomendan-svete-cecilije","status":"publish","type":"post","link":"https:\/\/svetaobitelj.hr\/?p=2512","title":{"rendered":"Spomendan svete Cecilije&#8230;"},"content":{"rendered":"\n<figure class=\"wp-block-gallery aligncenter columns-1 is-cropped wp-block-gallery-1 is-layout-flex wp-block-gallery-is-layout-flex\"><ul class=\"blocks-gallery-grid\"><li class=\"blocks-gallery-item\"><figure><img loading=\"lazy\" decoding=\"async\" width=\"1024\" height=\"485\" src=\"https:\/\/svetaobitelj.hr\/wp-content\/uploads\/2022\/11\/IMG-c4eff8bffe097b84fc5a87dd04c9eb36-V-1024x485.jpg\" alt=\"\" data-id=\"2513\" data-full-url=\"https:\/\/svetaobitelj.hr\/wp-content\/uploads\/2022\/11\/IMG-c4eff8bffe097b84fc5a87dd04c9eb36-V.jpg\" data-link=\"https:\/\/svetaobitelj.hr\/?attachment_id=2513\" class=\"wp-image-2513\" srcset=\"https:\/\/svetaobitelj.hr\/wp-content\/uploads\/2022\/11\/IMG-c4eff8bffe097b84fc5a87dd04c9eb36-V-1024x485.jpg 1024w, https:\/\/svetaobitelj.hr\/wp-content\/uploads\/2022\/11\/IMG-c4eff8bffe097b84fc5a87dd04c9eb36-V-300x142.jpg 300w, https:\/\/svetaobitelj.hr\/wp-content\/uploads\/2022\/11\/IMG-c4eff8bffe097b84fc5a87dd04c9eb36-V-768x364.jpg 768w, https:\/\/svetaobitelj.hr\/wp-content\/uploads\/2022\/11\/IMG-c4eff8bffe097b84fc5a87dd04c9eb36-V-1536x728.jpg 1536w, https:\/\/svetaobitelj.hr\/wp-content\/uploads\/2022\/11\/IMG-c4eff8bffe097b84fc5a87dd04c9eb36-V.jpg 1600w\" sizes=\"auto, (max-width: 1024px) 100vw, 1024px\" \/><\/figure><\/li><\/ul><\/figure>\n\n\n\n<p>Spomendan svete Cecilije, za\u0161titnice glazbe i glazbenika, a posebno onih koji svojim glazbenim umije\u0107em pridonose ljepoti svete mise i drugih liturgijskih slavlja, slavimo 22. studenoga. U na\u0161oj \u017eupi tako\u0111er se proslavio blagdan svete Cecilije. Nakon \u0161to su na\u0161i zbora\u0161i na ve\u010dernjoj svetoj misi okrijepili svoju du\u0161u svetim euharistijskim slavljem, okrijepili su i svoje tijelo na domjenku koji je tom prilikom prire\u0111en njima u \u010dast.<\/p>\n","protected":false},"excerpt":{"rendered":"<p>Spomendan svete Cecilije, za\u0161titnice glazbe i glazbenika, a posebno onih koji svojim glazbenim umije\u0107em pridonose ljepoti svete mise i drugih liturgijskih slavlja, slavimo 22. studenoga. U na\u0161oj \u017eupi tako\u0111er se proslavio blagdan svete Cecilije. Nakon \u0161to su na\u0161i zbora\u0161i na ve\u010dernjoj svetoj misi okrijepili svoju du\u0161u svetim euharistijskim slavljem, okrijepili su i svoje tijelo na <a href=\"https:\/\/svetaobitelj.hr\/?p=2512\" class=\"more-link\">[&hellip;]<\/a><\/p>\n","protected":false},"author":2,"featured_media":0,"comment_status":"closed","ping_status":"open","sticky":false,"template":"","format":"standard","meta":{"footnotes":""},"categories":[3],"tags":[],"class_list":["entry","author-","post-2512","post","type-post","status-publish","format-standard","category-zupa"],"_links":{"self":[{"href":"https:\/\/svetaobitelj.hr\/index.php?rest_route=\/wp\/v2\/posts\/2512","targetHints":{"allow":["GET"]}}],"collection":[{"href":"https:\/\/svetaobitelj.hr\/index.php?rest_route=\/wp\/v2\/posts"}],"about":[{"href":"https:\/\/svetaobitelj.hr\/index.php?rest_route=\/wp\/v2\/types\/post"}],"author":[{"embeddable":true,"href":"https:\/\/svetaobitelj.hr\/index.php?rest_route=\/wp\/v2\/users\/2"}],"replies":[{"embeddable":true,"href":"https:\/\/svetaobitelj.hr\/index.php?rest_route=%2Fwp%2Fv2%2Fcomments&post=2512"}],"version-history":[{"count":1,"href":"https:\/\/svetaobitelj.hr\/index.php?rest_route=\/wp\/v2\/posts\/2512\/revisions"}],"predecessor-version":[{"id":2514,"href":"https:\/\/svetaobitelj.hr\/index.php?rest_route=\/wp\/v2\/posts\/2512\/revisions\/2514"}],"wp:attachment":[{"href":"https:\/\/svetaobitelj.hr\/index.php?rest_route=%2Fwp%2Fv2%2Fmedia&parent=2512"}],"wp:term":[{"taxonomy":"category","embeddable":true,"href":"https:\/\/svetaobitelj.hr\/index.php?rest_route=%2Fwp%2Fv2%2Fcategories&post=2512"},{"taxonomy":"post_tag","embeddable":true,"href":"https:\/\/svetaobitelj.hr\/index.php?rest_route=%2Fwp%2Fv2%2Ftags&post=2512"}],"curies":[{"name":"wp","href":"https:\/\/api.w.org\/{rel}","templated":true}]}}